{"id":205447,"date":"2026-06-08T21:41:15","date_gmt":"2026-06-08T21:41:15","guid":{"rendered":"https:\/\/www.europesays.com\/at\/205447\/"},"modified":"2026-06-08T21:41:15","modified_gmt":"2026-06-08T21:41:15","slug":"ex-liverpool-star-divock-origi-beendet-karriere-mit-31-und-macht-mode","status":"publish","type":"post","link":"https:\/\/www.europesays.com\/at\/205447\/","title":{"rendered":"Ex-Liverpool-Star Divock Origi beendet Karriere mit 31 und macht Mode"},"content":{"rendered":"<p>\u201eDie Mission ist erf\u00fcllt\u201c\u00a0<\/p>\n<p>                                    <img decoding=\"async\" src=\"https:\/\/www.europesays.com\/at\/wp-content\/uploads\/2026\/06\/divock-origi-fc-liverpool-2019-1780934385-199422.jpg\" title=\"Ex-Liverpool-Star Divock Origi beendet Karriere mit 31 und macht Mode\" alt=\"Ex-Liverpool-Star Divock Origi beendet Karriere mit 31 und macht Mode\"\/><\/p>\n<p>\n                                       \u00a9IMAGO\n                                    <\/p>\n<p>Der ehemalige <a title=\"Belgien\" href=\"https:\/\/www.transfermarkt.de\/belgien\/startseite\/verein\/3382\" target=\"_blank\" rel=\"nofollow noopener\">belgische Nationalspieler<\/a> <a title=\"Divock Origi\" href=\"https:\/\/www.transfermarkt.de\/divock-origi\/profil\/spieler\/148368\" rel=\"nofollow noopener\" target=\"_blank\">Divock Origi<\/a> h\u00e4ngt im Alter von 31 Jahren seine Fu\u00dfballschuhe an den Nagel. \u201eMeine Aufgabe als Spieler ist erf\u00fcllt. Ich habe mir meinen Kindheitstraum erf\u00fcllt, auf den gr\u00f6\u00dften B\u00fchnen zu spielen und die gr\u00f6\u00dften Troph\u00e4en zu gewinnen. Ich bin Gott f\u00fcr all das dankbar\u201c, schrieb der St\u00fcrmer in einem Instagram-Post. \u201eDie Mission ist erf\u00fcllt. Nun wende ich mich meiner n\u00e4chsten Berufung zu. Die Reise geht weiter.\u201c<\/p>\n<p><\/p>\n<p>Origi wurde beim <a title=\"KRC Genk\" href=\"https:\/\/www.transfermarkt.de\/krc-genk\/startseite\/verein\/1184\" rel=\"nofollow noopener\" target=\"_blank\">KRC Genk<\/a> und <a title=\"LOSC Lille\" href=\"https:\/\/www.transfermarkt.de\/losc-lille\/startseite\/verein\/1082\" rel=\"nofollow noopener\" target=\"_blank\">LOSC Lille<\/a> ausgebildet, bei den Franzosen legte er nach seinem Profideb\u00fct im Februar 2013 einen Senkrechtstart hin. Im Sommer 2014 schaffte er zwei Monate nach seinem 19. Geburtstag den Sprung auf den <a title=\"Weltmeisterschaft\" href=\"https:\/\/www.transfermarkt.de\/weltmeisterschaft\/startseite\/pokalwettbewerb\/FIWC\" rel=\"nofollow noopener\" target=\"_blank\">WM<\/a>-Zug, nach dem Turnier unterschrieb er beim gro\u00dfen <a title=\"FC Liverpool\" href=\"https:\/\/www.transfermarkt.de\/fc-liverpool\/startseite\/verein\/31\" rel=\"nofollow noopener\" target=\"_blank\">FC Liverpool<\/a>, der ihn noch ein Jahr in Lille lie\u00df. Bei den Reds erlebte er im Anschluss seine erfolgreichsten Jahre.<\/p>\n<p><\/p>\n<p>Nur unterbrochen von einer Leihe an den <a title=\"VfL Wolfsburg\" href=\"https:\/\/www.transfermarkt.de\/vfl-wolfsburg\/startseite\/verein\/82\" rel=\"nofollow noopener\" target=\"_blank\">VfL Wolfsburg<\/a> in der Saison 2017\/18, f\u00fcr den er in 36 Eins\u00e4tzen sieben Treffer erzielte, absolvierte Origi von 2015 bis 2022 f\u00fcr Liverpool 175 Partien \u2013 die meisten in seiner Karriere. Dabei steuerte er 41 Tore und 17 Vorlagen bei. Nach seiner R\u00fcckkehr von den W\u00f6lfen sollte Origi die Reds eigentlich verlassen, doch ein 30 Millionen Euro Abl\u00f6se schweres Angebot von <a title=\"Wolverhampton Wanderers\" href=\"https:\/\/www.transfermarkt.de\/wolverhampton-wanderers\/startseite\/verein\/543\" rel=\"nofollow noopener\" target=\"_blank\">Wolverhampton<\/a> schlug er aus. Unter <a title=\"J\u00fcrgen Klopp\" href=\"https:\/\/www.transfermarkt.de\/jurgen-klopp\/profil\/trainer\/118\" rel=\"nofollow noopener\" target=\"_blank\">J\u00fcrgen Klopp<\/a> k\u00e4mpfte sich Origi nach gut einem halben Jahr zur\u00fcck ins Team und wurde zum <a title=\"UEFA Champions League\" href=\"https:\/\/www.transfermarkt.de\/uefa-champions-league\/startseite\/pokalwettbewerb\/CL\" rel=\"nofollow noopener\" target=\"_blank\">Champions-League<\/a>-Helden.<\/p>\n<p><\/p>\n<p>Aufgrund von verletzungsbedingten Ausf\u00e4llen r\u00fcckte der Angreifer im Halbfinal-R\u00fcckspiel gegen den <a title=\"FC Barcelona\" href=\"https:\/\/www.transfermarkt.de\/fc-barcelona\/startseite\/verein\/131\" rel=\"nofollow noopener\" target=\"_blank\">FC Barcelona<\/a> in die Startelf und schoss Liverpool mit einem Doppelpack zur erfolgreichen <a href=\"https:\/\/www.transfermarkt.de\/fc-liverpool_fc-barcelona\/index\/spielbericht\/3177025\" rel=\"nofollow noopener\" target=\"_blank\">4:0<\/a>-Aufholjagd. Im Endspiel machte er gegen <a title=\"Tottenham Hotspur\" href=\"https:\/\/www.transfermarkt.de\/tottenham-hotspur\/startseite\/verein\/148\" rel=\"nofollow noopener\" target=\"_blank\">Tottenham<\/a> mit dem <a href=\"https:\/\/www.transfermarkt.de\/fc-liverpool_tottenham-hotspur\/index\/spielbericht\/3183105\" rel=\"nofollow noopener\" target=\"_blank\">2:0<\/a> den Deckel drauf. Mit den Reds gewann er 2020 auch noch die <a title=\"Premier League\" href=\"https:\/\/www.transfermarkt.de\/premier-league\/startseite\/wettbewerb\/GB1\" rel=\"nofollow noopener\" target=\"_blank\">Premier League<\/a>, danach nahm seine sportliche Bedeutung ab. 2022 folgte der abl\u00f6sefreie Wechsel zur <a title=\"AC Mailand\" href=\"https:\/\/www.transfermarkt.de\/ac-mailand\/startseite\/verein\/5\" rel=\"nofollow noopener\" target=\"_blank\">AC Mailand<\/a>, gl\u00fccklich wurde er aber weder dort noch bei Leihklub <a title=\"Nottingham Forest\" href=\"https:\/\/www.transfermarkt.de\/nottingham-forest\/startseite\/verein\/703\" rel=\"nofollow noopener\" target=\"_blank\">Nottingham<\/a>. Nach seiner R\u00fcckkehr wurde er im Sommer 2024 aussortiert und sa\u00df seinen Vertrag bis Ende 2025 ab, bevor er aufgel\u00f6st wurde.<\/p>\n<p>\nMode statt Fu\u00dfball: Origi sieht Karriere als erf\u00fcllt an<\/p>\n<p>\u201eAn meine Fans auf der ganzen Welt, die mir geholfen haben, zu gl\u00e4nzen: Jeder unvergessliche Moment, jedes Tor, jedes St\u00fcck Geschichte, das wir gemeinsam geschrieben haben, wird f\u00fcr immer uns geh\u00f6ren. An jeden Verein und alle Trainer und Teamkollegen, die mir zur Seite standen: Danke. Ihr habt mich auf eine Weise gepr\u00e4gt, die weit \u00fcber den Platz hinausgeht. Es war mir eine Freude, Belgien, mein Heimatland, zu vertreten und gleichzeitig Kenia, meine Wurzeln, im Herzen zu tragen. Und an meine Familie und die Menschen, die mir am n\u00e4chsten stehen \u2026 ohne euch w\u00e4re ich nicht der, der ich heute bin. Ich bin euch auf ewig dankbar\u201c, schrieb Origi weiter.<\/p>\n<p>In einem Beitrag f\u00fcr \u201e<a href=\"https:\/\/www.theplayerstribune.com\/divock-origi-soccer-retirement-belgium-liverpool\" target=\"_blank\" rel=\"nofollow noopener\">The Players&#8216; Tribune<\/a>\u201c verriet der St\u00fcrmer, dass er schon im Februar seinem Vater als erstes vom geplanten Karriereende erz\u00e4hlt habe. \u201eIch glaube, er wollte sichergehen, dass ich diese Entscheidung nicht aus einer momentanen Laune heraus traf\u201c, erkl\u00e4rte Origi: \u201eWenn man zur\u00fcckblicken und all die sch\u00f6nen Momente mit nichts als Dankbarkeit und ohne jedes Bedauern genie\u00dfen kann, dann wei\u00df man, dass es Zeit ist, Abschied zu nehmen. (\u2026) Ich hatte das Gl\u00fcck, alle B\u00fchnen und fast alle gro\u00dfen Wettbewerbe der Welt gesehen zu haben. Im Fu\u00dfball f\u00fchle ich mich erf\u00fcllt, als w\u00e4re meine Reise abgeschlossen. Tore zu schie\u00dfen und Troph\u00e4en zu gewinnen, ist eines der besten Gef\u00fchle der Welt. Ich werde zur\u00fcckblicken und \u00fcber all diese Momente \u2013 die Momente mit Gott \u2013 l\u00e4cheln und sie einfach f\u00fcr immer genie\u00dfen.\u201c<\/p>\n<p><\/p>\n<p>    <img loading=\"lazy\" decoding=\"async\" class=\"innews\" title=\"Origi schie\u00dft Liverpool im Champions-League-Halbfinale gegen Bar\u00e7a weiter\" src=\"https:\/\/www.europesays.com\/at\/wp-content\/uploads\/2026\/06\/divock-origi-tor-gegen-fc-barcelona-champions-league-2019-1681820390-105702.jpg\" alt=\"\u00a9 IMAGO | Origi schie\u00dft Liverpool im Champions-League-Halbfinale gegen Bar\u00e7a weiter\" width=\"503\" height=\"282\"\/><\/p>\n<p>Origi schie\u00dft Liverpool im Champions-League-Halbfinale gegen Bar\u00e7a weiter<\/p>\n<p>Origis Zeit im Fu\u00dfball wird nicht ganz enden. Er werde als Berater die Agentur <a href=\"https:\/\/www.transfermarkt.de\/dlf-sports-agency\/beraterfirma\/berater\/8967\" rel=\"nofollow noopener\" target=\"_blank\">DLF<\/a> mit seinem Partner Marvin Willem Ofori aufbauen, erkl\u00e4rte der 32-fache Nationalspieler, der aber auch betonte: \u201eIch habe neue Ziele und andere Dinge im Leben, denen ich mit derselben Leidenschaft nachgehen m\u00f6chte, mit der ich all die Jahre dem Fu\u00dfball nachgegangen bin. Zum einen widme ich mich ganz der Mode als Handwerk. Ich stecke bereits viel Energie hinein, mir ein riesiges Wissen \u00fcber die Geschichte und die Branche anzueignen. Ich strebe an, dies auf h\u00f6chstem Niveau zu studieren und hoffentlich die Gelegenheit zu haben, von einigen der besten Designer der Welt zu lernen.\u201c<\/p>\n<p><\/p>\n<p>\n                                        Hinweis:<br \/>\n                                        Wenn du etwas googelst, bekommst du neben den normalen Ergebnissen auch eine Box mit aktuellen News angezeigt. Wenn du Transfermarkt als bevorzugte Quelle hinterlegst, tauchen unsere Inhalte dort h\u00e4ufiger f\u00fcr dich auf.<br \/>\n                                        <a href=\"https:\/\/www.google.com\/preferences\/source?q=transfermarkt.de\" target=\"_blank\" rel=\"noopener noreferrer nofollow\" onclick=\"tmEvent(&#039;news&#039;,&#039;click&#039;,&#039;google-preferences&#039;);&#010;\"><br \/>\n                                            F\u00fcge Transfermarkt hier als bevorzugte Quelle hinzu.                                        <\/a>\n                                    <\/p>\n","protected":false},"excerpt":{"rendered":"\u201eDie Mission ist erf\u00fcllt\u201c\u00a0 \u00a9IMAGO Der ehemalige belgische Nationalspieler Divock Origi h\u00e4ngt im Alter von 31 Jahren seine&hellip;\n","protected":false},"author":2,"featured_media":205448,"comment_status":"","ping_status":"","sticky":false,"template":"","format":"standard","meta":{"footnotes":"","_share_on_mastodon":"0"},"categories":[8],"tags":[33146,60156,10591,5483,51764,40,41,8843,39,38,1876],"class_list":["post-205447","post","type-post","status-publish","format-standard","has-post-thumbnail","category-nachrichten","tag-ac-mailand","tag-divock-origi","tag-fc-liverpool","tag-karriereende","tag-losc-lille","tag-nachrichten","tag-news","tag-nottingham-forest","tag-schlagzeilen","tag-top-meldungen","tag-vfl-wolfsburg"],"share_on_mastodon":{"url":"https:\/\/pubeurope.com\/@at\/116716666215963514","error":""},"_links":{"self":[{"href":"https:\/\/www.europesays.com\/at\/wp-json\/wp\/v2\/posts\/205447","targetHints":{"allow":["GET"]}}],"collection":[{"href":"https:\/\/www.europesays.com\/at\/wp-json\/wp\/v2\/posts"}],"about":[{"href":"https:\/\/www.europesays.com\/at\/wp-json\/wp\/v2\/types\/post"}],"author":[{"embeddable":true,"href":"https:\/\/www.europesays.com\/at\/wp-json\/wp\/v2\/users\/2"}],"replies":[{"embeddable":true,"href":"https:\/\/www.europesays.com\/at\/wp-json\/wp\/v2\/comments?post=205447"}],"version-history":[{"count":0,"href":"https:\/\/www.europesays.com\/at\/wp-json\/wp\/v2\/posts\/205447\/revisions"}],"wp:featuredmedia":[{"embeddable":true,"href":"https:\/\/www.europesays.com\/at\/wp-json\/wp\/v2\/media\/205448"}],"wp:attachment":[{"href":"https:\/\/www.europesays.com\/at\/wp-json\/wp\/v2\/media?parent=205447"}],"wp:term":[{"taxonomy":"category","embeddable":true,"href":"https:\/\/www.europesays.com\/at\/wp-json\/wp\/v2\/categories?post=205447"},{"taxonomy":"post_tag","embeddable":true,"href":"https:\/\/www.europesays.com\/at\/wp-json\/wp\/v2\/tags?post=205447"}],"curies":[{"name":"wp","href":"https:\/\/api.w.org\/{rel}","templated":true}]}}