{"id":205737,"date":"2026-06-09T02:34:12","date_gmt":"2026-06-09T02:34:12","guid":{"rendered":"https:\/\/www.europesays.com\/at\/205737\/"},"modified":"2026-06-09T02:34:12","modified_gmt":"2026-06-09T02:34:12","slug":"oefb-frauen-koennen-platz-drei-in-wm-quali-fixieren","status":"publish","type":"post","link":"https:\/\/www.europesays.com\/at\/205737\/","title":{"rendered":"\u00d6FB-Frauen k\u00f6nnen Platz drei in WM-Quali fixieren"},"content":{"rendered":"<p>Auf Platz drei bleiben: Das ist das klare Ziel von \u00d6sterreichs <a href=\"https:\/\/www.laola1.at\/de\/daten\/news\/fussball\/frauen-fussball\/\" class=\"tag\" rel=\"nofollow noopener\" target=\"_blank\">Frauen-Fu\u00dfball<\/a>-Nationalteam zum Abschluss der Gruppe A4 in der WM-Qualifikation. Mit einem Sieg in Oslo gegen den Zweiten Norwegen am Dienstag (18.00 Uhr\/live ORF 1) w\u00fcrde die \u00d6FB-Auswahl die Aufgabe aus eigener Kraft l\u00f6sen.<\/p>\n<p>Bei einer Niederlage oder einem Remis w\u00fcrde es Sch\u00fctzenhilfe von Gruppensieger Deutschland brauchen, der beim einen Punkt hinter \u00d6sterreich liegenden Schlusslicht Slowenien gastiert.<\/p>\n<p>&#8222;Wir haben es in der eigenen Hand und wollen den dritten Platz finalisieren&#8220;, gab <a href=\"https:\/\/www.laola1.at\/de\/daten\/news\/lars-soendergaard\/\" class=\"tag\" rel=\"nofollow noopener\" target=\"_blank\">Lars S\u00f6ndergaard<\/a> die Marschroute vor. Sein Team hat im Kampf um den Verbleib in Liga A auch den Vorteil des um sechs Treffer besseren Torverh\u00e4ltnisses gegen\u00fcber Slowenien, das Schlusslicht muss daher in Ljubljana auf Sieg spielen.<\/p>\n<p>&#8222;Unsere Ausgangslage ist sehr gut. Es ist sehr unwahrscheinlich, dass Slowenien gegen Deutschland gewinnt, aber im <a href=\"https:\/\/www.laola1.at\/de\/daten\/news\/fussball\/fussball\/\" class=\"tag\" rel=\"nofollow noopener\" target=\"_blank\">Fu\u00dfball<\/a> ist alles m\u00f6glich, deshalb m\u00fcssen wir schauen, unser Spiel so gut wie m\u00f6glich zu bestreiten&#8220;, sagte \u00d6FB-Torfrau Mariella El Sherif.<\/p>\n<p>\u00d6FB-Team hat Auge auf Parallelspiel<\/p>\n<p>Laut S\u00f6ndergaard werde man im zweiten Spiel seiner Amtszeit nach dem Zitter-1:0 am Freitag in Wien gegen Slowenien ein Auge auf das Parallelspiel haben. &#8222;Wir werden das Spiel verfolgen und f\u00fcr alle F\u00e4lle vorbereitet sein&#8220;, erl\u00e4uterte der 67-J\u00e4hrige. Der Fokus seiner Truppe liegt aber auf dem zehnten direkten Duell mit den Norwegerinnen.<\/p>\n<p>Zwei Siege, zwei Remis und f\u00fcnf Niederlagen gab es, die j\u00fcngste am 3. M\u00e4rz in Maria Enzersdorf zum Quali-Start mit 0:1, als Lisa Naalsund (81.) sp\u00e4t traf. Es war die erste \u00d6FB-Niederlage gegen Norwegen nach vier ungeschlagenen Partien.<\/p>\n<p>&#8222;Wir sind damals definitiv \u00fcber weite Strecken gut gestanden, waren dann aber einmal nicht aufmerksam. Morgen wird es aber ein ganz anderes Spiel&#8220;, sagte El Sherif. Die Gastgeberinnen k\u00f6nnen auf den Heimvorteil bauen, rund 7.000 Fans werden im Ullevaal Stadion erwartet.<\/p>\n<p>Verletzt fehlt Lyon-St\u00fcrmerin Ada Hegerberg. Durch etwa Barcelonas Caroline Graham Hansen oder Tottenhams Signe Gaupset wartet auf die \u00d6FB-Kickerinnen dennoch genug Offensivpower. &#8222;Ihre Offensive ist unglaublich stark. Allgemein haben sie Spielerinnen, die in Spanien oder England, und dort bei Topvereinen und meistens von Anfang an spielen&#8220;, erl\u00e4uterte S\u00f6ndergaard.<\/p>\n<p>S\u00f6ndergaard fordert auch Mut im Spiel nach vorne<\/p>\n<p>Die Analyse der 0:2-Niederlage Norwegens in Deutschland ergab, dass f\u00fcr die Verliererinnen mehr drinnen gewesen w\u00e4re. Dementsprechend &#8222;schwierig&#8220; werde es am Dienstag werden. Anzuschlie\u00dfen gelte es am teils zufriedenstellenden Auftritt gegen Slowenien.<\/p>\n<p>&#8222;Wir hatten Phasen, wo wir nicht so kompakt waren, und wir waren nicht so viel am Ball, wie wir es gerne m\u00f6chten. Die ersten 35 Minuten der 2. H\u00e4lfte haben mir aber sehr gut gefallen&#8220;, res\u00fcmierte der \u00d6FB-Teamchef. Wichtig sei es, in Oslo &#8222;intelligent&#8220; zu spielen. &#8222;Wir m\u00fcssen nat\u00fcrlich ein gro\u00dfes Auge auf die Defensive haben, damit ihre St\u00e4rken nicht zur Geltung kommen, m\u00fcssen aber auch hier mit Mut nach vorne spielen.&#8220;<\/p>\n","protected":false},"excerpt":{"rendered":"Auf Platz drei bleiben: Das ist das klare Ziel von \u00d6sterreichs Frauen-Fu\u00dfball-Nationalteam zum Abschluss der Gruppe A4 in&hellip;\n","protected":false},"author":2,"featured_media":205738,"comment_status":"","ping_status":"","sticky":false,"template":"","format":"standard","meta":{"footnotes":"","_share_on_mastodon":"0"},"categories":[8],"tags":[60188,3956,12239,964,46623,40,41,12240,7516,37230,39,60189,14826,38,12241],"class_list":["post-205737","post","type-post","status-publish","format-standard","has-post-thumbnail","category-nachrichten","tag-annabel-schasching","tag-eileen-campbell","tag-frauen-fussball","tag-fussball","tag-lars-soendergaard","tag-nachrichten","tag-news","tag-oefb-frauen-team","tag-oefb-team","tag-sarah-puntigam","tag-schlagzeilen","tag-signe-gaupset","tag-slowenien","tag-top-meldungen","tag-wm-qualifikation"],"share_on_mastodon":{"url":"https:\/\/pubeurope.com\/@at\/116717818088595209","error":""},"_links":{"self":[{"href":"https:\/\/www.europesays.com\/at\/wp-json\/wp\/v2\/posts\/205737","targetHints":{"allow":["GET"]}}],"collection":[{"href":"https:\/\/www.europesays.com\/at\/wp-json\/wp\/v2\/posts"}],"about":[{"href":"https:\/\/www.europesays.com\/at\/wp-json\/wp\/v2\/types\/post"}],"author":[{"embeddable":true,"href":"https:\/\/www.europesays.com\/at\/wp-json\/wp\/v2\/users\/2"}],"replies":[{"embeddable":true,"href":"https:\/\/www.europesays.com\/at\/wp-json\/wp\/v2\/comments?post=205737"}],"version-history":[{"count":0,"href":"https:\/\/www.europesays.com\/at\/wp-json\/wp\/v2\/posts\/205737\/revisions"}],"wp:featuredmedia":[{"embeddable":true,"href":"https:\/\/www.europesays.com\/at\/wp-json\/wp\/v2\/media\/205738"}],"wp:attachment":[{"href":"https:\/\/www.europesays.com\/at\/wp-json\/wp\/v2\/media?parent=205737"}],"wp:term":[{"taxonomy":"category","embeddable":true,"href":"https:\/\/www.europesays.com\/at\/wp-json\/wp\/v2\/categories?post=205737"},{"taxonomy":"post_tag","embeddable":true,"href":"https:\/\/www.europesays.com\/at\/wp-json\/wp\/v2\/tags?post=205737"}],"curies":[{"name":"wp","href":"https:\/\/api.w.org\/{rel}","templated":true}]}}