{"id":206789,"date":"2026-06-09T14:44:06","date_gmt":"2026-06-09T14:44:06","guid":{"rendered":"https:\/\/www.europesays.com\/at\/206789\/"},"modified":"2026-06-09T14:44:06","modified_gmt":"2026-06-09T14:44:06","slug":"stefan-brida-wird-managing-partner","status":"publish","type":"post","link":"https:\/\/www.europesays.com\/at\/206789\/","title":{"rendered":"Stefan Brida wird Managing Partner"},"content":{"rendered":"<p>Das Tourismusberatungsunternehmen Kohl &amp; Partner vollzieht einen weiteren Schritt in der Erneuerung seiner F\u00fchrungsebene: Der 30-j\u00e4hrige Stefan Brida steigt zum Managing Partner auf und \u00fcbernimmt die Anteile von Werner Taurer.<\/p>\n<p>Brida ist seit 2019 Teil des Unternehmens und hat in den vergangenen Jahren zentrale Beratungsfelder mitgepr\u00e4gt. Seine fachlichen Schwerpunkte liegen in den Bereichen Controlling, operative Betriebsoptimierung, Preisstrategien und Revenue Management. Dar\u00fcber hinaus begleitet er Machbarkeitspr\u00fcfungen und Investitionsentscheidungen in der Hotellerie und treibt die Weiterentwicklung interner Benchmarks zur datenbasierten Steuerung von Tourismusbetrieben voran.<\/p>\n<p>Brida absolvierte die Tourismusschule Villa Blanka in Innsbruck, sammelte praktische Erfahrung in der Ferien- und Kettenhotellerie und studierte anschlie\u00dfend am Management Center Innsbruck \u2013 mit einem Auslandssemester in Orlando. Seinen Master in Entrepreneurship &amp; Tourism mit Schwerpunkt Strategisches Management und Familienunternehmen schloss er ebenfalls am MCI ab. Neben seiner Beratert\u00e4tigkeit ist er in der Lehre am MCI sowie an der IMC Krems t\u00e4tig.<\/p>\n<p>Werner Taurer, der seit 1984 ma\u00dfgeblich an der Entwicklung des Unternehmens beteiligt war, \u00fcbergibt seine Anteile auf eigenen Wunsch und bleibt dem Unternehmen beratend verbunden.\u00a0 Ein Abgang also, der keine L\u00fccke hinterl\u00e4sst, sondern einen Staffelstab weiterreicht.<\/p>\n<p>Mit der Aufnahme Bridas in den Partnerkreis setzt Kohl &amp; Partner auf eine interne Nachfolgel\u00f6sung und unterstreicht damit die Kontinuit\u00e4t der bisherigen Unternehmensstrategie bei gleichzeitiger personeller Erneuerung.\u00a0 Es ist nicht das erste Mal, dass das Unternehmen diesen Weg geht: Bereits im April 2023 hatte das Unternehmen mit Martin Mayerhofer und Helmut List zwei j\u00fcngere F\u00fchrungskr\u00e4fte in die Gesch\u00e4ftsf\u00fchrung geholt\u00a0 \u2013 ein Muster, das sich nun fortsetzt.<\/p>\n<p>Kohl &amp; Partner ber\u00e4t Hotellerie, Destinationen und touristische Infrastruktur und unterh\u00e4lt B\u00fcros in Villach, Wien, Innsbruck, S\u00fcdtirol, M\u00fcnchen, Stuttgart und Z\u00fcrich.<\/p>\n","protected":false},"excerpt":{"rendered":"Das Tourismusberatungsunternehmen Kohl &amp; Partner vollzieht einen weiteren Schritt in der Erneuerung seiner F\u00fchrungsebene: Der 30-j\u00e4hrige Stefan Brida&hellip;\n","protected":false},"author":2,"featured_media":206790,"comment_status":"","ping_status":"","sticky":false,"template":"","format":"standard","meta":{"footnotes":"","_share_on_mastodon":"0"},"categories":[14],"tags":[17799,46,42,60394,95,90,89,60395,60390,60392,91,94,60396,44,60397,60391,60389,93,92,60393],"class_list":["post-206789","post","type-post","status-publish","format-standard","has-post-thumbnail","category-unternehmen-maerkte","tag-anteile","tag-at","tag-austria","tag-beratungsfelder","tag-business","tag-companies","tag-companies-markets","tag-controlling","tag-kohl-partner","tag-managing-partner","tag-markets","tag-maerkte","tag-operative-betriebsoptimierung","tag-oesterreich","tag-preisstrategien","tag-stefan-brida","tag-tourismusberatungsunternehmen","tag-unternehmen","tag-unternehmen-maerkte","tag-werner-taurer"],"share_on_mastodon":{"url":"https:\/\/pubeurope.com\/@at\/116720688707319829","error":""},"_links":{"self":[{"href":"https:\/\/www.europesays.com\/at\/wp-json\/wp\/v2\/posts\/206789","targetHints":{"allow":["GET"]}}],"collection":[{"href":"https:\/\/www.europesays.com\/at\/wp-json\/wp\/v2\/posts"}],"about":[{"href":"https:\/\/www.europesays.com\/at\/wp-json\/wp\/v2\/types\/post"}],"author":[{"embeddable":true,"href":"https:\/\/www.europesays.com\/at\/wp-json\/wp\/v2\/users\/2"}],"replies":[{"embeddable":true,"href":"https:\/\/www.europesays.com\/at\/wp-json\/wp\/v2\/comments?post=206789"}],"version-history":[{"count":0,"href":"https:\/\/www.europesays.com\/at\/wp-json\/wp\/v2\/posts\/206789\/revisions"}],"wp:featuredmedia":[{"embeddable":true,"href":"https:\/\/www.europesays.com\/at\/wp-json\/wp\/v2\/media\/206790"}],"wp:attachment":[{"href":"https:\/\/www.europesays.com\/at\/wp-json\/wp\/v2\/media?parent=206789"}],"wp:term":[{"taxonomy":"category","embeddable":true,"href":"https:\/\/www.europesays.com\/at\/wp-json\/wp\/v2\/categories?post=206789"},{"taxonomy":"post_tag","embeddable":true,"href":"https:\/\/www.europesays.com\/at\/wp-json\/wp\/v2\/tags?post=206789"}],"curies":[{"name":"wp","href":"https:\/\/api.w.org\/{rel}","templated":true}]}}