{"id":207116,"date":"2026-06-09T17:47:14","date_gmt":"2026-06-09T17:47:14","guid":{"rendered":"https:\/\/www.europesays.com\/at\/207116\/"},"modified":"2026-06-09T17:47:14","modified_gmt":"2026-06-09T17:47:14","slug":"sport-austria-finals-sechs-bezirksasse-holen-staatsmeistertitel-in-wien","status":"publish","type":"post","link":"https:\/\/www.europesays.com\/at\/207116\/","title":{"rendered":"Sport Austria Finals &#8211; Sechs Bezirksasse holen Staatsmeistertitel in Wien"},"content":{"rendered":"<p>        <img decoding=\"async\" src=\"https:\/\/www.europesays.com\/at\/wp-content\/uploads\/2026\/06\/img-qXKnP6QoLTZzSNNF.jpeg\" data-fullscreen-src=\"https:\/\/www.noen.at\/image\/3840x0-jpg\/6452481\/img-qXKnP6QoLTZzSNNF.jpeg\" bad-src=\"https:\/\/www.europesays.com\/at\/wp-content\/uploads\/2026\/06\/img-qXKnP6QoLTZzSNNF.jpeg\" data-teaser-member=\"image\" alt=\"Sport Austria Finals 206 Gewichtheben SC Harland Steidl\"\/><\/p>\n<p>\n                F\u00fcr Harlands Anja Steidl war es bereits der f\u00fcnbfte Staatsmeistertitel im Mehrkampf.            <\/p>\n<p>\n                Foto:<br \/>\n                SC Harland Holz-Wallner                            <\/p>\n<p>\n        Bei den Sport Austria Finals in Wien sorgten Athletinnen und Athleten aus dem Bezirk St. P\u00f6lten f\u00fcr starke Leistungen. In zahlreichen Sportarten gab es Staatsmeistertitel, Medaillen und pers\u00f6nliche Bestleistungen.     <\/p>\n<p>Vier Tage lang stand durch die Sport Austria Finals ganz Wien im Zeichen des Sports. Von 3. bis 7. Juni k\u00e4mpften 7.621 Athletinnen und Athleten in 46 Sportarten um Medaillen und nationale Titel. Insgesamt wurden 268 Entscheidungen ausgetragen.<\/p>\n","protected":false},"excerpt":{"rendered":"F\u00fcr Harlands Anja Steidl war es bereits der f\u00fcnbfte Staatsmeistertitel im Mehrkampf. Foto: SC Harland Holz-Wallner Bei den&hellip;\n","protected":false},"author":2,"featured_media":207117,"comment_status":"","ping_status":"","sticky":false,"template":"","format":"standard","meta":{"footnotes":"","_share_on_mastodon":"0"},"categories":[28],"tags":[3805,46,42,1788,60446,50068,58023,44,60447,9692,60068,60445,181,182],"class_list":["post-207116","post","type-post","status-publish","format-standard","has-post-thumbnail","category-wien","tag-_plus","tag-at","tag-austria","tag-bobsport","tag-esv-st-poelten","tag-gewichtheben","tag-karate","tag-oesterreich","tag-sc-harland-holz-wallner","tag-schwimmen","tag-sport-austria-finals-2026","tag-tischfussball","tag-vienna","tag-wien"],"share_on_mastodon":{"url":"https:\/\/pubeurope.com\/@at\/116721408354849026","error":""},"_links":{"self":[{"href":"https:\/\/www.europesays.com\/at\/wp-json\/wp\/v2\/posts\/207116","targetHints":{"allow":["GET"]}}],"collection":[{"href":"https:\/\/www.europesays.com\/at\/wp-json\/wp\/v2\/posts"}],"about":[{"href":"https:\/\/www.europesays.com\/at\/wp-json\/wp\/v2\/types\/post"}],"author":[{"embeddable":true,"href":"https:\/\/www.europesays.com\/at\/wp-json\/wp\/v2\/users\/2"}],"replies":[{"embeddable":true,"href":"https:\/\/www.europesays.com\/at\/wp-json\/wp\/v2\/comments?post=207116"}],"version-history":[{"count":0,"href":"https:\/\/www.europesays.com\/at\/wp-json\/wp\/v2\/posts\/207116\/revisions"}],"wp:featuredmedia":[{"embeddable":true,"href":"https:\/\/www.europesays.com\/at\/wp-json\/wp\/v2\/media\/207117"}],"wp:attachment":[{"href":"https:\/\/www.europesays.com\/at\/wp-json\/wp\/v2\/media?parent=207116"}],"wp:term":[{"taxonomy":"category","embeddable":true,"href":"https:\/\/www.europesays.com\/at\/wp-json\/wp\/v2\/categories?post=207116"},{"taxonomy":"post_tag","embeddable":true,"href":"https:\/\/www.europesays.com\/at\/wp-json\/wp\/v2\/tags?post=207116"}],"curies":[{"name":"wp","href":"https:\/\/api.w.org\/{rel}","templated":true}]}}