{"id":207992,"date":"2026-06-10T05:24:12","date_gmt":"2026-06-10T05:24:12","guid":{"rendered":"https:\/\/www.europesays.com\/at\/207992\/"},"modified":"2026-06-10T05:24:12","modified_gmt":"2026-06-10T05:24:12","slug":"tausende-demonstranten-strassenblockade-rund-ums-aztekenstadion","status":"publish","type":"post","link":"https:\/\/www.europesays.com\/at\/207992\/","title":{"rendered":"Tausende Demonstranten: Stra\u00dfenblockade rund ums Aztekenstadion"},"content":{"rendered":"<p> <img decoding=\"async\" src=\"https:\/\/www.europesays.com\/at\/wp-content\/uploads\/2026\/06\/861905d9c093d383e031d6785fc80c3f411c9bb3.jpg\" alt=\"\"\/><br \/>\nZwei Tage vor dem Er\u00f6ffnungsspiel der Fu\u00dfball-WM ist es nahe des Aztekenstadions in Mexiko-Stadt zu Massenprotesten gekommen. Tausende Demonstranten blockierten die Hauptzufahrt zur ikonischen Arena, in der am Donnerstag (21 Uhr\/ZDF und MagentaTV) Co-Gastgeber Mexiko und S\u00fcdafrika aufeinandertreffen. Das berichtet die Nachrichtenagentur AFP.<\/p>\n<p><img decoding=\"async\" src=\"https:\/\/www.europesays.com\/at\/wp-content\/uploads\/2026\/06\/fba180b780393405f8893f37094abb2dcae7a3df.jpg\" alt=\"Die WM wird im Aztekenstadion er\u00f6ffnet (Foto: AFP\/SID\/CARL DE SOUZA)\"\/><\/p>\n<p>Die WM wird im Aztekenstadion er\u00f6ffnet<\/p>\n<p>Foto: AFP\/SID\/CARL DE SOUZA<\/p>\n<p>Seit vergangener Woche demonstrieren Lehrkr\u00e4fte f\u00fcr h\u00f6here L\u00f6hne und neue Verhandlungen \u00fcber das Rentensystem. Mexikos Pr\u00e4sidentin Claudia Sheinbaum bezeichnete die Proteste als &#8222;Provokation&#8220;, sie schloss es aber vorerst aus, der Polizei den Befehl zu geben, gegen die Demonstranten vorzugehen.<\/p>\n<p>Erst Anfang des Monats hatte es gewaltsame Zusammenst\u00f6\u00dfe zwischen der Polizei und den Demonstranten gegeben. Die Lehrkr\u00e4fte drohten, die Proteste w\u00e4hrend der WM zu intensivieren. Sheinbaum versicherte am Dienstag, die Ausrichtung des Er\u00f6ffnungsspiels des XXL-Turniers sei garantiert. <\/p>\n<p class=\"text-secondary\">\u00a9 2026 SID<\/p>\n","protected":false},"excerpt":{"rendered":"Zwei Tage vor dem Er\u00f6ffnungsspiel der Fu\u00dfball-WM ist es nahe des Aztekenstadions in Mexiko-Stadt zu Massenprotesten gekommen. Tausende&hellip;\n","protected":false},"author":2,"featured_media":207993,"comment_status":"","ping_status":"","sticky":false,"template":"","format":"standard","meta":{"footnotes":"","_share_on_mastodon":"0"},"categories":[8],"tags":[60630,60629,1033,40,41,5984,39,38],"class_list":["post-207992","post","type-post","status-publish","format-standard","has-post-thumbnail","category-nachrichten","tag-aztekenstadion","tag-demonstranten","tag-mexiko","tag-nachrichten","tag-news","tag-proteste","tag-schlagzeilen","tag-top-meldungen"],"share_on_mastodon":{"url":"https:\/\/pubeurope.com\/@at\/116724149095828772","error":""},"_links":{"self":[{"href":"https:\/\/www.europesays.com\/at\/wp-json\/wp\/v2\/posts\/207992","targetHints":{"allow":["GET"]}}],"collection":[{"href":"https:\/\/www.europesays.com\/at\/wp-json\/wp\/v2\/posts"}],"about":[{"href":"https:\/\/www.europesays.com\/at\/wp-json\/wp\/v2\/types\/post"}],"author":[{"embeddable":true,"href":"https:\/\/www.europesays.com\/at\/wp-json\/wp\/v2\/users\/2"}],"replies":[{"embeddable":true,"href":"https:\/\/www.europesays.com\/at\/wp-json\/wp\/v2\/comments?post=207992"}],"version-history":[{"count":0,"href":"https:\/\/www.europesays.com\/at\/wp-json\/wp\/v2\/posts\/207992\/revisions"}],"wp:featuredmedia":[{"embeddable":true,"href":"https:\/\/www.europesays.com\/at\/wp-json\/wp\/v2\/media\/207993"}],"wp:attachment":[{"href":"https:\/\/www.europesays.com\/at\/wp-json\/wp\/v2\/media?parent=207992"}],"wp:term":[{"taxonomy":"category","embeddable":true,"href":"https:\/\/www.europesays.com\/at\/wp-json\/wp\/v2\/categories?post=207992"},{"taxonomy":"post_tag","embeddable":true,"href":"https:\/\/www.europesays.com\/at\/wp-json\/wp\/v2\/tags?post=207992"}],"curies":[{"name":"wp","href":"https:\/\/api.w.org\/{rel}","templated":true}]}}