{"id":208569,"date":"2026-06-10T11:48:15","date_gmt":"2026-06-10T11:48:15","guid":{"rendered":"https:\/\/www.europesays.com\/at\/208569\/"},"modified":"2026-06-10T11:48:15","modified_gmt":"2026-06-10T11:48:15","slug":"nach-aus-fuer-fcas-projekt-helsing-chef-fordert-paradigmenwechsel-fuer-europa-wirtschaft","status":"publish","type":"post","link":"https:\/\/www.europesays.com\/at\/208569\/","title":{"rendered":"Nach Aus f\u00fcr FCAS-Projekt: Helsing-Chef fordert Paradigmenwechsel f\u00fcr Europa &#8211; Wirtschaft"},"content":{"rendered":"<p data-manual=\"paragraph\" data-schema-org-speakable=\"true\" class=\"css-9njfp7\">Nun m\u00f6chte sich auch Gundbert Scherf zum Scheitern \u00e4u\u00dfern. Der Helsing-Chef sitzt in einem gro\u00dfen Konferenzraum \u00fcber den D\u00e4chern Berlins, an einem sp\u00e4ten Dienstagnachmittag. Es geht nicht um sein eigenes Scheitern, Helsing ist eines der erfolgreichsten R\u00fcstungs-Start-ups Europas. Wenn man es \u00fcberhaupt noch als Start-up bezeichnen kann. Derzeit wird das Unternehmen mit etwa 18 Milliarden Euro bewertet.<\/p>\n","protected":false},"excerpt":{"rendered":"Nun m\u00f6chte sich auch Gundbert Scherf zum Scheitern \u00e4u\u00dfern. Der Helsing-Chef sitzt in einem gro\u00dfen Konferenzraum \u00fcber den&hellip;\n","protected":false},"author":2,"featured_media":208570,"comment_status":"","ping_status":"","sticky":false,"template":"","format":"standard","meta":{"footnotes":"","_share_on_mastodon":"0"},"categories":[3],"tags":[1074,257,76,75,74,532,16370,22957,4877,530,818,1076,10120,255],"class_list":["post-208569","post","type-post","status-publish","format-standard","has-post-thumbnail","category-europa","tag-ausland","tag-deutschland","tag-eu","tag-europa","tag-europe","tag-frankreich","tag-kampfflugzeuge","tag-kampfjets","tag-leserdiskussion","tag-ruestungsindustrie","tag-sicherheitspolitik","tag-sueddeutsche-zeitung","tag-verteidigungspolitik","tag-wirtschaft"],"share_on_mastodon":{"url":"https:\/\/pubeurope.com\/@at\/116725658784537118","error":""},"_links":{"self":[{"href":"https:\/\/www.europesays.com\/at\/wp-json\/wp\/v2\/posts\/208569","targetHints":{"allow":["GET"]}}],"collection":[{"href":"https:\/\/www.europesays.com\/at\/wp-json\/wp\/v2\/posts"}],"about":[{"href":"https:\/\/www.europesays.com\/at\/wp-json\/wp\/v2\/types\/post"}],"author":[{"embeddable":true,"href":"https:\/\/www.europesays.com\/at\/wp-json\/wp\/v2\/users\/2"}],"replies":[{"embeddable":true,"href":"https:\/\/www.europesays.com\/at\/wp-json\/wp\/v2\/comments?post=208569"}],"version-history":[{"count":0,"href":"https:\/\/www.europesays.com\/at\/wp-json\/wp\/v2\/posts\/208569\/revisions"}],"wp:featuredmedia":[{"embeddable":true,"href":"https:\/\/www.europesays.com\/at\/wp-json\/wp\/v2\/media\/208570"}],"wp:attachment":[{"href":"https:\/\/www.europesays.com\/at\/wp-json\/wp\/v2\/media?parent=208569"}],"wp:term":[{"taxonomy":"category","embeddable":true,"href":"https:\/\/www.europesays.com\/at\/wp-json\/wp\/v2\/categories?post=208569"},{"taxonomy":"post_tag","embeddable":true,"href":"https:\/\/www.europesays.com\/at\/wp-json\/wp\/v2\/tags?post=208569"}],"curies":[{"name":"wp","href":"https:\/\/api.w.org\/{rel}","templated":true}]}}