{"id":209605,"date":"2026-06-10T22:48:09","date_gmt":"2026-06-10T22:48:09","guid":{"rendered":"https:\/\/www.europesays.com\/at\/209605\/"},"modified":"2026-06-10T22:48:09","modified_gmt":"2026-06-10T22:48:09","slug":"regierung-streicht-orf-93-millionen-euro-pro-jahr","status":"publish","type":"post","link":"https:\/\/www.europesays.com\/at\/209605\/","title":{"rendered":"Regierung streicht ORF 93 Millionen Euro pro Jahr"},"content":{"rendered":"<p>Der\u00a0ORF\u00a0war auch ohne die neuen Einschnitte bereits mit erh\u00f6htem Sparbedarf konfrontiert. Zudem ist der\u00a0ORF-Beitrag in Form einer Haushaltsabgabe in H\u00f6he von 15,30 Euro bis 2029 eingefroren. Man l\u00f6se nun Reserven auf und stelle \u00dcberlegungen zum Programm an, sagte Thurnher vor einer Woche. Kolportiert wurde, dass etwa bei Quizshows stark eingespart werden d\u00fcrfte. Gleichzeitig will die\u00a0ORF-Chefin Bereiche definieren, \u201can denen nicht ger\u00fcttelt werden darf, weil sie unsere Existenz bedeuten\u201d.<\/p>\n","protected":false},"excerpt":{"rendered":"Der\u00a0ORF\u00a0war auch ohne die neuen Einschnitte bereits mit erh\u00f6htem Sparbedarf konfrontiert. Zudem ist der\u00a0ORF-Beitrag in Form einer Haushaltsabgabe&hellip;\n","protected":false},"author":2,"featured_media":209606,"comment_status":"","ping_status":"","sticky":false,"template":"","format":"standard","meta":{"footnotes":"","_share_on_mastodon":"0"},"categories":[25],"tags":[1614,46,42,6865,147,1141,13703,60943,60942,17920,2558,1572,17922,6689,996,60941,44,269,156,155,44616,148],"class_list":["post-209605","post","type-post","status-publish","format-standard","has-post-thumbnail","category-serien","tag-budget","tag-at","tag-austria","tag-bundesregierung","tag-entertainment","tag-fernsehen","tag-finanzierung","tag-generaldirektion","tag-haushaltsabgabe","tag-ingrid-thurnher","tag-klage","tag-medien","tag-medienpolitik","tag-oeffentlich-rechtlicher-rundfunk","tag-orf","tag-orf-beitrag","tag-oesterreich","tag-politik","tag-serien","tag-series","tag-sparpaket","tag-unterhaltung"],"share_on_mastodon":{"url":"https:\/\/pubeurope.com\/@at\/116728253910966696","error":""},"_links":{"self":[{"href":"https:\/\/www.europesays.com\/at\/wp-json\/wp\/v2\/posts\/209605","targetHints":{"allow":["GET"]}}],"collection":[{"href":"https:\/\/www.europesays.com\/at\/wp-json\/wp\/v2\/posts"}],"about":[{"href":"https:\/\/www.europesays.com\/at\/wp-json\/wp\/v2\/types\/post"}],"author":[{"embeddable":true,"href":"https:\/\/www.europesays.com\/at\/wp-json\/wp\/v2\/users\/2"}],"replies":[{"embeddable":true,"href":"https:\/\/www.europesays.com\/at\/wp-json\/wp\/v2\/comments?post=209605"}],"version-history":[{"count":0,"href":"https:\/\/www.europesays.com\/at\/wp-json\/wp\/v2\/posts\/209605\/revisions"}],"wp:featuredmedia":[{"embeddable":true,"href":"https:\/\/www.europesays.com\/at\/wp-json\/wp\/v2\/media\/209606"}],"wp:attachment":[{"href":"https:\/\/www.europesays.com\/at\/wp-json\/wp\/v2\/media?parent=209605"}],"wp:term":[{"taxonomy":"category","embeddable":true,"href":"https:\/\/www.europesays.com\/at\/wp-json\/wp\/v2\/categories?post=209605"},{"taxonomy":"post_tag","embeddable":true,"href":"https:\/\/www.europesays.com\/at\/wp-json\/wp\/v2\/tags?post=209605"}],"curies":[{"name":"wp","href":"https:\/\/api.w.org\/{rel}","templated":true}]}}