{"id":210294,"date":"2026-06-11T09:18:11","date_gmt":"2026-06-11T09:18:11","guid":{"rendered":"https:\/\/www.europesays.com\/at\/210294\/"},"modified":"2026-06-11T09:18:11","modified_gmt":"2026-06-11T09:18:11","slug":"schadstoff-schnueffler-feuerwehr-testet-neuen-spuerroboter-der-tu-graz","status":"publish","type":"post","link":"https:\/\/www.europesays.com\/at\/210294\/","title":{"rendered":"Schadstoff-Schn\u00fcffler &#8211; Feuerwehr testet neuen Sp\u00fcrroboter der TU Graz"},"content":{"rendered":"<p>Eine aktuelle, FFG-gef\u00f6rderte Potenzialanalyse des Sp\u00fcrroboters der TU Graz unterstreicht, dass der Einsatz dieser Technik neben der Sicherheit auch die Effizienz steigert, da der Roboter bereits w\u00e4hrend des R\u00fcstens der Einsatztrupps wertvolle Daten liefern kann. So wird das Risiko f\u00fcr Leib und Leben minimiert, w\u00e4hrend gleichzeitig eine pr\u00e4zise Lagefeststellung in Echtzeit erfolgt. \u201eDie Ergebnisse der Feldtests waren hinsichtlich Mobilit\u00e4t, Benutzerfreundlichkeit und Einsatzwirksamkeit \u00e4u\u00dferst vielversprechend\u201c, zeigt sich Gerald Steinbauer-Wagner zufrieden.<\/p>\n","protected":false},"excerpt":{"rendered":"Eine aktuelle, FFG-gef\u00f6rderte Potenzialanalyse des Sp\u00fcrroboters der TU Graz unterstreicht, dass der Einsatz dieser Technik neben der Sicherheit&hellip;\n","protected":false},"author":2,"featured_media":210295,"comment_status":"","ping_status":"","sticky":false,"template":"","format":"standard","meta":{"footnotes":"","_share_on_mastodon":"0"},"categories":[29],"tags":[46,42,61077,61078,61079,61080,183,44,61081,5460,61082],"class_list":["post-210294","post","type-post","status-publish","format-standard","has-post-thumbnail","category-graz","tag-at","tag-austria","tag-disaster-competence-network-austria","tag-fh-oberoesterreich","tag-gerald-czech","tag-gerald-steinbauer-wagner","tag-graz","tag-oesterreich","tag-steinbauer-wagner","tag-tu-graz","tag-tu-graz-gemeinsam"],"share_on_mastodon":{"url":"https:\/\/pubeurope.com\/@at\/116730731276657528","error":""},"_links":{"self":[{"href":"https:\/\/www.europesays.com\/at\/wp-json\/wp\/v2\/posts\/210294","targetHints":{"allow":["GET"]}}],"collection":[{"href":"https:\/\/www.europesays.com\/at\/wp-json\/wp\/v2\/posts"}],"about":[{"href":"https:\/\/www.europesays.com\/at\/wp-json\/wp\/v2\/types\/post"}],"author":[{"embeddable":true,"href":"https:\/\/www.europesays.com\/at\/wp-json\/wp\/v2\/users\/2"}],"replies":[{"embeddable":true,"href":"https:\/\/www.europesays.com\/at\/wp-json\/wp\/v2\/comments?post=210294"}],"version-history":[{"count":0,"href":"https:\/\/www.europesays.com\/at\/wp-json\/wp\/v2\/posts\/210294\/revisions"}],"wp:featuredmedia":[{"embeddable":true,"href":"https:\/\/www.europesays.com\/at\/wp-json\/wp\/v2\/media\/210295"}],"wp:attachment":[{"href":"https:\/\/www.europesays.com\/at\/wp-json\/wp\/v2\/media?parent=210294"}],"wp:term":[{"taxonomy":"category","embeddable":true,"href":"https:\/\/www.europesays.com\/at\/wp-json\/wp\/v2\/categories?post=210294"},{"taxonomy":"post_tag","embeddable":true,"href":"https:\/\/www.europesays.com\/at\/wp-json\/wp\/v2\/tags?post=210294"}],"curies":[{"name":"wp","href":"https:\/\/api.w.org\/{rel}","templated":true}]}}