{"id":210795,"date":"2026-06-11T14:45:09","date_gmt":"2026-06-11T14:45:09","guid":{"rendered":"https:\/\/www.europesays.com\/at\/210795\/"},"modified":"2026-06-11T14:45:09","modified_gmt":"2026-06-11T14:45:09","slug":"wuerde-auf-uns-wetten-team-vienna-in-wien-auf-3x3-titelmission","status":"publish","type":"post","link":"https:\/\/www.europesays.com\/at\/210795\/","title":{"rendered":"&#8222;W\u00fcrde auf uns wetten&#8220; &#8211; Team Vienna in Wien auf 3&#215;3-Titelmission"},"content":{"rendered":"<p>Beim Heimspiel der <a href=\"https:\/\/www.laola1.at\/de\/daten\/news\/basketball\/3x3\/\" class=\"tag\" rel=\"nofollow noopener\" target=\"_blank\">3&#215;3<\/a>-Basketballer in Wien hoffen die heimischen Asse am Wochenende auf den Turniersieg. <\/p>\n<p>Wenige Tage nach Platz sieben bei der M\u00e4nner-WM in Warschau rechnet sich das Team Vienna mit den beiden Nationalspielern Toni Blazan und Quincy Diggs sowie Stefan Stojacic und Steven Kaltenbrunner gute Chancen aus. <\/p>\n<p>Die M\u00e4nner steigen am Samstag ins World-Tour-Event am Heumarkt ein, die Frauen sind bei der gr\u00f6\u00dften Veranstaltung der Tour bereits ab Freitag im Einsatz.<\/p>\n<p>Duell mit Ex-World-Tour-Champ wartet<\/p>\n<p>Das Team Vienna trifft am Samstag in der Gruppenphase auf Ex-World-Tour-Champ Liman (15.50 Uhr) und Roter Stern Belgrad (22.25 Uhr\/jeweils live ORF Sport +) aus Serbien.<\/p>\n<p>&#8222;Mit dem Heimpublikum im R\u00fccken k\u00f6nnen wir uns den Titel holen&#8220;, k\u00fcndigte Diggs bei einer Pressekonferenz am Donnerstag an. <\/p>\n<p>Das Stadion am Heumarkt fasst bis zu 3.000 Zuschauer. &#8222;Vienna spielt, um zu gewinnen. Wir haben gro\u00dfe Ziele und eine echte Chance. Ich w\u00fcrde auf uns wetten&#8220;, sagte Stojacic selbstbewusst.<\/p>\n<p>Diggs hofft auf Revanche<\/p>\n<p>Vergangenes Jahr scheiterte Team Vienna ungl\u00fccklich im Viertelfinale an Amsterdam, kurz vor Spielende war ein m\u00f6gliches Foul an den \u00d6sterreichern nicht gepfiffen worden. <\/p>\n<p>&#8222;Wir wollen Revanche&#8220;, sagte Diggs, der bei der Weltmeisterschaft Selbstvertrauen gesammelt hat. &#8222;Wir haben bei der WM gezeigt, dass wir wieder ganz oben mitspielen k\u00f6nnen. Wir h\u00e4tten uns eine Medaille verdient gehabt&#8220;, blickte Blazan zur\u00fcck.<\/p>\n<p>Sill tr\u00e4umt von Titel<\/p>\n<p>Bei den Frauen geht das rot-wei\u00df-rote Nationalteam ebenfalls mit Ambitionen ins Turnier. Das \u00d6BV-Quartett Anja Fuchs-Robetin, Alexia Allesch, Simone Sill und Sigrid Koizar will in der Gruppenphase gegen Kanada am Freitag (20.20 Uhr) und Frankreich am Samstag (18.30 Uhr\/jeweils live ORF Sport +) bestehen.<\/p>\n<p>&#8222;Die Auslosung ist nicht einfach, aber mit dem Heimpublikum im R\u00fccken k\u00f6nnen wir viel schaffen&#8220;, sagte Fuchs-Robetin.<\/p>\n<p>Sill tr\u00e4umt vom Heimsieg. &#8222;Ich traue uns den Turniersieg zu&#8220;, meinte sie im APA-Gespr\u00e4ch. &#8222;Wenn wir die Gruppe \u00fcberstehen, dann ist alles m\u00f6glich.&#8220;<\/p>\n<p>\u00d6BV-Frauen haben noch eine Rechnung offen<\/p>\n<p>Die \u00d6BV-Frauen hoffen zudem auf Wiedergutmachung, im Vorjahr war das Aus bereits in der Gruppenphase gekommen. &#8222;Wir haben mit dem Turnier noch eine Rechnung offen&#8220;, betonte Fuchs-Robetin. <\/p>\n<p>Wie bei den M\u00e4nnern steigen die besten zwei Teams jeder Dreiergruppe ins Viertelfinale auf. Zus\u00e4tzlich geht es um Punkte f\u00fcr die Olympia-Qualifikation.<\/p>\n<p>Auch die U23-Nationalteams der M\u00e4nner und Frauen sowie die Rollstuhlbasketballer werden in Wien aufspielen. Die Organisatoren hoffen freilich auf eine gute Stimmung. &#8222;Der Bewerb ist f\u00fcr uns sehr wichtig, weil der Basketballsport dadurch viel mehr Sichtbarkeit bekommt&#8220;, sagte \u00d6BV-Generalsekret\u00e4r Aldin Saracevic.<\/p>\n","protected":false},"excerpt":{"rendered":"Beim Heimspiel der 3&#215;3-Basketballer in Wien hoffen die heimischen Asse am Wochenende auf den Turniersieg. Wenige Tage nach&hellip;\n","protected":false},"author":2,"featured_media":210796,"comment_status":"","ping_status":"","sticky":false,"template":"","format":"standard","meta":{"footnotes":"","_share_on_mastodon":"0"},"categories":[28],"tags":[37089,59531,46,42,5711,44,57796,1179,61164,13635,61165,181,182],"class_list":["post-210795","post","type-post","status-publish","format-standard","has-post-thumbnail","category-wien","tag-3x3","tag-3x3-wm-2023","tag-at","tag-austria","tag-basketball","tag-oesterreich","tag-quincy-diggs","tag-roter-stern-belgrad","tag-sigrid-koizar","tag-sport-mix","tag-team-vienna","tag-vienna","tag-wien"],"share_on_mastodon":{"url":"https:\/\/pubeurope.com\/@at\/116732017126464777","error":""},"_links":{"self":[{"href":"https:\/\/www.europesays.com\/at\/wp-json\/wp\/v2\/posts\/210795","targetHints":{"allow":["GET"]}}],"collection":[{"href":"https:\/\/www.europesays.com\/at\/wp-json\/wp\/v2\/posts"}],"about":[{"href":"https:\/\/www.europesays.com\/at\/wp-json\/wp\/v2\/types\/post"}],"author":[{"embeddable":true,"href":"https:\/\/www.europesays.com\/at\/wp-json\/wp\/v2\/users\/2"}],"replies":[{"embeddable":true,"href":"https:\/\/www.europesays.com\/at\/wp-json\/wp\/v2\/comments?post=210795"}],"version-history":[{"count":0,"href":"https:\/\/www.europesays.com\/at\/wp-json\/wp\/v2\/posts\/210795\/revisions"}],"wp:featuredmedia":[{"embeddable":true,"href":"https:\/\/www.europesays.com\/at\/wp-json\/wp\/v2\/media\/210796"}],"wp:attachment":[{"href":"https:\/\/www.europesays.com\/at\/wp-json\/wp\/v2\/media?parent=210795"}],"wp:term":[{"taxonomy":"category","embeddable":true,"href":"https:\/\/www.europesays.com\/at\/wp-json\/wp\/v2\/categories?post=210795"},{"taxonomy":"post_tag","embeddable":true,"href":"https:\/\/www.europesays.com\/at\/wp-json\/wp\/v2\/tags?post=210795"}],"curies":[{"name":"wp","href":"https:\/\/api.w.org\/{rel}","templated":true}]}}