{"id":214845,"date":"2026-06-13T18:00:10","date_gmt":"2026-06-13T18:00:10","guid":{"rendered":"https:\/\/www.europesays.com\/at\/214845\/"},"modified":"2026-06-13T18:00:10","modified_gmt":"2026-06-13T18:00:10","slug":"missbrauch-im-kinderzimmer-12-jaehrige-bringt-baby-von-bruder-16-zur-welt-news","status":"publish","type":"post","link":"https:\/\/www.europesays.com\/at\/214845\/","title":{"rendered":"Missbrauch im Kinderzimmer: 12-J\u00e4hrige bringt Baby von Bruder\u00a0(16) zur Welt | News"},"content":{"rendered":"<p><a class=\"skip-content skip-content--link\" href=\"#in-content-skip-link-target-v-0-0\">TTS-Player \u00fcberspringen\u21b5<\/a><a id=\"in-content-skip-link-target-v-0-0\" class=\"skip-content--target-link-hidden skip-content skip-content--target-link\" href=\"#in-content-skip-link-target-v-0-0\">Artikel weiterlesen<\/a><\/p>\n<p>Karlsbad (Tschechien) \u2013 Sie war eine flei\u00dfige Sch\u00fclerin aus gutem Hause. Niemand ahnte, welches Leid sie nachts hinter verschlossenen T\u00fcren durchlebte. Bis die 12-J\u00e4hrige pl\u00f6tzlich mit starken Bauchschmerzen in ein Krankenhaus eingeliefert wurde und \u00fcberraschend ein Baby bekam. Der Vater des Kindes: ihr eigener Bruder (16).<\/p>\n<p>Der Junge soll das M\u00e4dchen im gemeinsamen Kinderzimmer in ihrem Elternhaus \u2013\u00a0in einem Dorf in der tschechischen Region Karlsbad, direkt hinter der deutschen Grenze \u2013 missbraucht haben. Er wurde zu einer Bew\u00e4hrungsstrafe von drei Jahren verurteilt, wie die Staatsanwaltschaft am Freitag bekanntgab.<\/p>\n<p>M\u00e4dchen verheimlichte Schwangerschaft<\/p>\n<p>Laut <a href=\"https:\/\/www.bild.de\/themen\/organisationen\/gerichte\/news-fotos-videos-17024270.bild.html\" class=\"text-link\" rel=\"nofollow noopener\" target=\"_blank\">Gericht<\/a> fing der Bruder bereits im Alter von 15 Jahren an, seine Schwester immer wieder gegen ihren Willen zu ber\u00fchren. Im Herbst 2024 vergewaltigte er sie. Die 12-J\u00e4hrige schwieg und ging weiter zur Schule, wie die Tageszeitung \u201eMlad\u00e1 fronta Dnes\u201c berichtet. Als ihr Bauch wuchs, sch\u00f6pfte offenbar niemand Verdacht. Ihre Familie nahm an, sie habe einfach zugenommen. Auf Klassenfotos sah das M\u00e4dchen f\u00fclliger als sonst aus.<\/p>\n<p><img decoding=\"async\" width=\"992\" height=\"558\" alt=\"Der Junge wurde am Freitag vor dem Landgericht Pilsen in Tschechien verurteilt\" src=\"https:\/\/www.europesays.com\/at\/wp-content\/uploads\/2026\/06\/afb1a29c2bdd6b35a44b21197ddc3f50,40dd6671.jpeg\"   class=\"landscape\" loading=\"lazy\"\/><\/p>\n<p class=\"fig__caption__text\">Der Junge wurde am Freitag vor dem Landgericht Pilsen in Tschechien verurteilt<\/p>\n<p>Foto: Hendrik Schmidt\/dpa<\/p>\n<p>In den Sommerferien kr\u00fcmmte sich die Sch\u00fclerin pl\u00f6tzlich vor Schmerzen. Es waren die Wehen, wie ein Arzt erschrocken feststellte. Kurz darauf brachte sie einen gesunden Jungen zur Welt. Er kam in eine Pflegefamilie. Erst nach der <a href=\"https:\/\/www.bild.de\/themen\/specials\/geburt\/ratgeber-kind-familie-news-fotos-videos-17040808.bild.html\" class=\"text-link\" rel=\"nofollow noopener\" target=\"_blank\">Geburt<\/a> offenbarte die 12-J\u00e4hrige, was der Bruder ihr angetan hatte. Ein Gentest best\u00e4tigte sp\u00e4ter die Vaterschaft. F\u00fcr die Eltern ein Schock.<\/p>\n<p>\u201eEs war eine Katastrophe f\u00fcr die Familie\u201c<\/p>\n<p>Die Geschwister w\u00fcrden aus einem guten sozialen Verh\u00e4ltnis stammen, erkl\u00e4rte der B\u00fcrgermeister gegen\u00fcber Medien. \u201eEs war eine echte Katastrophe f\u00fcr die Familie. Sie hatten sehr schwer damit zu k\u00e4mpfen. Nat\u00fcrlich wurde hier sofort dar\u00fcber geredet\u201c, sagte er.<\/p>\n<p>Der Junge erschien in einem schwarzen Anzug zu seinem Urteil vor dem Landgericht Pilsen\u00a0(<a href=\"https:\/\/www.bild.de\/news\/ausland\/tschechien\/thema-tschechien-alle-infos-80024586.bild.html\" class=\"text-link\" rel=\"nofollow noopener\" target=\"_blank\">Tschechien<\/a>). Er gestand, seine Schwester vergewaltigt zu haben. Neben der Bew\u00e4hrungsstrafe wurden ihm eine Sexualtherapie und eine Zahlung von umgerechnet etwa 12.500 Euro an das Opfer auferlegt.<\/p>\n","protected":false},"excerpt":{"rendered":"TTS-Player \u00fcberspringen\u21b5Artikel weiterlesen Karlsbad (Tschechien) \u2013 Sie war eine flei\u00dfige Sch\u00fclerin aus gutem Hause. Niemand ahnte, welches Leid&hellip;\n","protected":false},"author":2,"featured_media":214846,"comment_status":"","ping_status":"","sticky":false,"template":"","format":"standard","meta":{"footnotes":"","_share_on_mastodon":"0"},"categories":[12],"tags":[18053,37312,40,41,39,209,8983,1433,1883,66,65,64],"class_list":["post-214845","post","type-post","status-publish","format-standard","has-post-thumbnail","category-welt","tag-geschwister","tag-kindesmissbrauch","tag-nachrichten","tag-news","tag-schlagzeilen","tag-team-first","tag-tschechien","tag-urteil","tag-vergewaltigung","tag-welt","tag-world","tag-world-news"],"share_on_mastodon":{"url":"https:\/\/pubeurope.com\/@at\/116744108676151027","error":""},"_links":{"self":[{"href":"https:\/\/www.europesays.com\/at\/wp-json\/wp\/v2\/posts\/214845","targetHints":{"allow":["GET"]}}],"collection":[{"href":"https:\/\/www.europesays.com\/at\/wp-json\/wp\/v2\/posts"}],"about":[{"href":"https:\/\/www.europesays.com\/at\/wp-json\/wp\/v2\/types\/post"}],"author":[{"embeddable":true,"href":"https:\/\/www.europesays.com\/at\/wp-json\/wp\/v2\/users\/2"}],"replies":[{"embeddable":true,"href":"https:\/\/www.europesays.com\/at\/wp-json\/wp\/v2\/comments?post=214845"}],"version-history":[{"count":0,"href":"https:\/\/www.europesays.com\/at\/wp-json\/wp\/v2\/posts\/214845\/revisions"}],"wp:featuredmedia":[{"embeddable":true,"href":"https:\/\/www.europesays.com\/at\/wp-json\/wp\/v2\/media\/214846"}],"wp:attachment":[{"href":"https:\/\/www.europesays.com\/at\/wp-json\/wp\/v2\/media?parent=214845"}],"wp:term":[{"taxonomy":"category","embeddable":true,"href":"https:\/\/www.europesays.com\/at\/wp-json\/wp\/v2\/categories?post=214845"},{"taxonomy":"post_tag","embeddable":true,"href":"https:\/\/www.europesays.com\/at\/wp-json\/wp\/v2\/tags?post=214845"}],"curies":[{"name":"wp","href":"https:\/\/api.w.org\/{rel}","templated":true}]}}