{"id":216797,"date":"2026-06-14T23:28:43","date_gmt":"2026-06-14T23:28:43","guid":{"rendered":"https:\/\/www.europesays.com\/at\/216797\/"},"modified":"2026-06-14T23:28:43","modified_gmt":"2026-06-14T23:28:43","slug":"royale-hochzeitsgaeste-andrew-toechter-beatrice-eugenie-zu-gast-in-wien-kronen-zeitung","status":"publish","type":"post","link":"https:\/\/www.europesays.com\/at\/216797\/","title":{"rendered":"Royale Hochzeitsg\u00e4ste &#8211; Andrew-T\u00f6chter Beatrice &amp; Eugenie zu Gast in Wien &#8211; Kronen Zeitung"},"content":{"rendered":"<p><a href=\"https:\/\/news.google.com\/rss\/articles\/CBMiQkFVX3lxTE5rVnhranB4c3g1SWhxNmNaM2VPZnphSk44LVZadGczUjktajJ2WXVDa251blZiTFhDaEVNOWlidldpZw?oc=5\" target=\"_blank\" rel=\"nofollow noopener\">Royale Hochzeitsg\u00e4ste &#8211; Andrew-T\u00f6chter Beatrice &amp; Eugenie zu Gast in Wien<\/a>&nbsp;&nbsp;Kronen Zeitung<a href=\"https:\/\/news.google.com\/rss\/articles\/CBMijgFBVV95cUxQaDZsZnBLdTVXYUNPZGVuRjdxa0tGcjU3ZEVHLUN1TXVpUFFTZFhiZ1ZxWV9FUzRDakl2U2NLby1kaDRlYVNUcWpCQlpVSHhGaFVQcE9HcWVVZlhicmJwaGVINEsycENka1RiNUpaTDJPQ0wtOE9HeUVobWxwOFhCTnZxa21yejh4ejRGQVFn?oc=5\" target=\"_blank\" rel=\"nofollow noopener\">Royale G\u00e4ste vor Karlskirche \u2013 Tochter von Skandal-Prinz Andrew \u00fcberrascht in Wien<\/a>&nbsp;&nbsp;Heute<a href=\"https:\/\/news.google.com\/rss\/articles\/CBMie0FVX3lxTE9UaDBtUGVDdWhhTGdid1FoM3o5czdHS0RwWkRMTFBjSXFBTjJZN2FKSkZ1LWJxNGpnQjc4X3lleHVlRDFlU05VMy03MC1CUk5NZkpNQUV3SjJ0Ulp0RE9KdUpnVDZvOHBPdC12WGNPLXNoNHh1R0ZHSGkxVdIBgAFBVV95cUxNalZIUF9QN1dMV3l6YkYxbXNtRkN6RndpTmFUVFZ6NThqOU5pVE4wcmVPM24ySlIxdTZ3aV90cFVLM0dLTlgwMVI1RFNzMVlBWjZyVmVFS2xwbUVmUnVUNUZ0bkRURGk1MkRFSGMtbnVPWEZrV25Fa216MlgtOWwtUw?oc=5\" target=\"_blank\" rel=\"nofollow noopener\">Andrew-T\u00f6chter feiern Hochzeit in Wien<\/a>&nbsp;&nbsp;oe24.at<a href=\"https:\/\/news.google.com\/rss\/articles\/CBMiqAFBVV95cUxOcW5hazI0OXdCZWoyNWRFLWdJeFU5a29KZVhZdDBwTlJLUDFoSUNXdlAwM2ZEZk94eFgtNmg5WGhwZ2tRVnRCSmRhbEhoOV8yT0x0ZmZuM1pXb1JPS0FtcXgwWG9CV0dTOVhYQ3I0Yk13MWpLZDFhTkhWSVNydTJLNmRIVk42akc4c2c5eXZpYXNhU0hMbUFnU2ZhTEhqQlJMeE1JSFI1Nmo?oc=5\" target=\"_blank\" rel=\"nofollow noopener\">Prinzessinnen Beatrice und Eugenie feiern Hochzeit in Wien<\/a>&nbsp;&nbsp;Promiflash<a href=\"https:\/\/news.google.com\/rss\/articles\/CBMiuwFBVV95cUxNeWJwM2lmM3Q5MGRiX1NvTjNzRFk2RVNlTnlRcm8tSzZfbHltaTFKRlRFSk12TmI1dzdHWjhKYnVVXzBDRmNLbzdvVlZhN1BlUUt6MEtHa21RaUxjcTZvME13RTdSaWtUUUQ1THRBbl9xRnhHX1dhN1JheHotX1UxTkN0OUdDeG1lMG5haVBHdjB4ZERtLXZRY0xhZ2pnNG41ZVRwcFhGeHMyaVoxOG5hd21NTFZSWkF0UVVr?oc=5\" target=\"_blank\" rel=\"nofollow noopener\">Prinzessin Beatrice + Prinzessin Eugenie: Sie feierten am Trooping-Wochenende eine Hochzeit in Wien<\/a>&nbsp;&nbsp;GALA.de<\/p>\n","protected":false},"excerpt":{"rendered":"Royale Hochzeitsg\u00e4ste &#8211; Andrew-T\u00f6chter Beatrice &amp; Eugenie zu Gast in Wien&nbsp;&nbsp;Kronen ZeitungRoyale G\u00e4ste vor Karlskirche \u2013 Tochter von&hellip;\n","protected":false},"author":2,"featured_media":216798,"comment_status":"","ping_status":"","sticky":false,"template":"","format":"standard","meta":{"footnotes":"","_share_on_mastodon":"0"},"categories":[22],"tags":[939,940,46,42,21020,26166,147,21023,33827,24867,943,44,62416,33829,148,182],"class_list":["post-216797","post","type-post","status-publish","format-standard","has-post-thumbnail","category-unterhaltung","tag-andrew","tag-andrews","tag-at","tag-austria","tag-beatrice","tag-edoardo-mapelli-mozzi","tag-entertainment","tag-eugenie","tag-harriet-sperling","tag-jack-brooksbank","tag-london","tag-oesterreich","tag-oesterreich-da","tag-peter-phillips","tag-unterhaltung","tag-wien"],"share_on_mastodon":{"url":"https:\/\/pubeurope.com\/@at\/116751060375544153","error":""},"_links":{"self":[{"href":"https:\/\/www.europesays.com\/at\/wp-json\/wp\/v2\/posts\/216797","targetHints":{"allow":["GET"]}}],"collection":[{"href":"https:\/\/www.europesays.com\/at\/wp-json\/wp\/v2\/posts"}],"about":[{"href":"https:\/\/www.europesays.com\/at\/wp-json\/wp\/v2\/types\/post"}],"author":[{"embeddable":true,"href":"https:\/\/www.europesays.com\/at\/wp-json\/wp\/v2\/users\/2"}],"replies":[{"embeddable":true,"href":"https:\/\/www.europesays.com\/at\/wp-json\/wp\/v2\/comments?post=216797"}],"version-history":[{"count":0,"href":"https:\/\/www.europesays.com\/at\/wp-json\/wp\/v2\/posts\/216797\/revisions"}],"wp:featuredmedia":[{"embeddable":true,"href":"https:\/\/www.europesays.com\/at\/wp-json\/wp\/v2\/media\/216798"}],"wp:attachment":[{"href":"https:\/\/www.europesays.com\/at\/wp-json\/wp\/v2\/media?parent=216797"}],"wp:term":[{"taxonomy":"category","embeddable":true,"href":"https:\/\/www.europesays.com\/at\/wp-json\/wp\/v2\/categories?post=216797"},{"taxonomy":"post_tag","embeddable":true,"href":"https:\/\/www.europesays.com\/at\/wp-json\/wp\/v2\/tags?post=216797"}],"curies":[{"name":"wp","href":"https:\/\/api.w.org\/{rel}","templated":true}]}}