{"id":216982,"date":"2026-06-15T03:36:12","date_gmt":"2026-06-15T03:36:12","guid":{"rendered":"https:\/\/www.europesays.com\/at\/216982\/"},"modified":"2026-06-15T03:36:12","modified_gmt":"2026-06-15T03:36:12","slug":"hadi-el-dor-ueber-raf-camora-187-sein-buch-das-business-hinter-deutschrap","status":"publish","type":"post","link":"https:\/\/www.europesays.com\/at\/216982\/","title":{"rendered":"HADI EL-DOR \u00fcber RAF Camora, 187, sein Buch &#038; das Business hinter Deutschrap"},"content":{"rendered":"<p>In der neuen Folge Hiphop.de Talks sprechen wir mit <a href=\"https:\/\/hiphop.de\/hadi-el-dor\" title=\"mehr zu Hadi El-Dor\" rel=\"nofollow noopener\" target=\"_blank\">Hadi El-Dor<\/a> \u00fcber seinen Weg vom Jugendzentrum ins Deutschrap-Management, seine Arbeit mit gro\u00dfen Namen der Szene und die Mechanik hinter Sichtbarkeit, Loyalit\u00e4t und Erfolg. Er spricht \u00fcber Artists wie RAF Camora, Bonez MC &amp; 187 Strassenbande, Apache, Sierra Kidd, Haze, Freunde von Niemand, HoodBlaq, Koushino und weitere Namen aus seinem Umfeld.\u00a0<\/p>\n<p>Au\u00dferdem erz\u00e4hlt Hadi El-Dor von seinem Buch \u201eHauptsache sie reden \u00fcber dich\u201c, von seiner Rolle als Manager, von Selbstinszenierung im Rap-Business und davon, warum Aufmerksamkeit im Musikgesch\u00e4ft oft den Unterschied macht. Das Interview verbindet Deutschrap-Historie, Management-Erfahrung, Familienwerte und die Frage, wie man sich in einer lauten Szene behauptet.\u00a0<br \/>\u00a0<\/p>\n","protected":false},"excerpt":{"rendered":"In der neuen Folge Hiphop.de Talks sprechen wir mit Hadi El-Dor \u00fcber seinen Weg vom Jugendzentrum ins Deutschrap-Management,&hellip;\n","protected":false},"author":2,"featured_media":216983,"comment_status":"","ping_status":"","sticky":false,"template":"","format":"standard","meta":{"footnotes":"","_share_on_mastodon":"0"},"categories":[24],"tags":[62498,46,42,21385,1821,147,62497,47431,44947,1423,56170,153,154,44,44950,390,47428,148],"class_list":["post-216982","post","type-post","status-publish","format-standard","has-post-thumbnail","category-musik","tag-62498","tag-at","tag-austria","tag-bonez-mc","tag-deutschrap","tag-entertainment","tag-hadi-el-dor","tag-hiphop-de-talks","tag-hoodblaq","tag-interview","tag-jp","tag-music","tag-musik","tag-oesterreich","tag-raf-camora","tag-rap","tag-toxik","tag-unterhaltung"],"share_on_mastodon":{"url":"https:\/\/pubeurope.com\/@at\/116752035601226897","error":""},"_links":{"self":[{"href":"https:\/\/www.europesays.com\/at\/wp-json\/wp\/v2\/posts\/216982","targetHints":{"allow":["GET"]}}],"collection":[{"href":"https:\/\/www.europesays.com\/at\/wp-json\/wp\/v2\/posts"}],"about":[{"href":"https:\/\/www.europesays.com\/at\/wp-json\/wp\/v2\/types\/post"}],"author":[{"embeddable":true,"href":"https:\/\/www.europesays.com\/at\/wp-json\/wp\/v2\/users\/2"}],"replies":[{"embeddable":true,"href":"https:\/\/www.europesays.com\/at\/wp-json\/wp\/v2\/comments?post=216982"}],"version-history":[{"count":0,"href":"https:\/\/www.europesays.com\/at\/wp-json\/wp\/v2\/posts\/216982\/revisions"}],"wp:featuredmedia":[{"embeddable":true,"href":"https:\/\/www.europesays.com\/at\/wp-json\/wp\/v2\/media\/216983"}],"wp:attachment":[{"href":"https:\/\/www.europesays.com\/at\/wp-json\/wp\/v2\/media?parent=216982"}],"wp:term":[{"taxonomy":"category","embeddable":true,"href":"https:\/\/www.europesays.com\/at\/wp-json\/wp\/v2\/categories?post=216982"},{"taxonomy":"post_tag","embeddable":true,"href":"https:\/\/www.europesays.com\/at\/wp-json\/wp\/v2\/tags?post=216982"}],"curies":[{"name":"wp","href":"https:\/\/api.w.org\/{rel}","templated":true}]}}