{"id":217012,"date":"2026-06-15T04:03:09","date_gmt":"2026-06-15T04:03:09","guid":{"rendered":"https:\/\/www.europesays.com\/at\/217012\/"},"modified":"2026-06-15T04:03:09","modified_gmt":"2026-06-15T04:03:09","slug":"sicherungsseil-vergessen-junge-frau-stuerzt-beim-rope-jumping-in-den-tod","status":"publish","type":"post","link":"https:\/\/www.europesays.com\/at\/217012\/","title":{"rendered":"Sicherungsseil vergessen: Junge Frau st\u00fcrzt beim \u201eRope Jumping\u201c in den Tod"},"content":{"rendered":"<p _ngcontent-tt-com-www-c3071245697=\"\" data-cy=\"body\">In Brasilien ist eine junge Frau beim Rope Jumping von einer Br\u00fccke t\u00f6dlich verungl\u00fcckt. Die Mitarbeiter des Extremsport-Anbieters verga\u00dfen, die 21-J\u00e4hrige mit dem Sicherungsseil zu verbinden und die Frau st\u00fcrzte von der Br\u00fccke Ponte do Esqueleto nahe der Stadt Limeira im Bundesstaat S\u00e3o Paulo etwa 40 Meter in die Tiefe, wie die Stadtverwaltung unter Berufung auf die Milit\u00e4rpolizei mitteilte.<\/p>\n<p _ngcontent-tt-com-www-c3071245697=\"\" data-cy=\"body\">Auf Videos war zu sehen, wie drei M\u00e4nner die Frau zum Rand der Br\u00fccke tragen und sie hinabwerfen. Das Sicherungsseil liegt daneben zusammengerollt auf dem Boden. Rettungskr\u00e4fte konnten nur noch den Tod der Frau feststellen. Sechs Beteiligte wurden festgenommen.<\/p>\n<p _ngcontent-tt-com-www-c3071245697=\"\" data-cy=\"body\">Rope Jumping ist ein Extremsport, bei dem sich Menschen gesichert mit einem Kletterseil in die Tiefe st\u00fcrzen. Im Gegensatz zum bekannteren Bungee Jumping ist das Seil kaum elastisch. Es wird \u00fcblicherweise versetzt von der Absprungstelle befestigt, so dass der Sturz durch eine Pendelbewegung abgefedert wird.<\/p>\n<p _ngcontent-tt-com-www-c3071245697=\"\" data-cy=\"body\">Die Stadtverwaltung von Limeira k\u00fcndigte nach dem Ungl\u00fcck eine Klage gegen Bundesbeh\u00f6rden an, die f\u00fcr die Sicherung der Br\u00fccke zust\u00e4ndig ist. Mehrfach seien bereits Sicherheitsma\u00dfnahmen angemahnt worden, geschehen sei nichts, hie\u00df es in einer Mitteilung. &#8222;Leider hat die Unt\u00e4tigkeit der Bundesbeh\u00f6rden nun zu einer weiteren Trag\u00f6die in Limeira gef\u00fchrt&#8220;, sagte B\u00fcrgermeister Murilo F\u00e9lix. (dpa)<\/p>\n","protected":false},"excerpt":{"rendered":"In Brasilien ist eine junge Frau beim Rope Jumping von einer Br\u00fccke t\u00f6dlich verungl\u00fcckt. Die Mitarbeiter des Extremsport-Anbieters&hellip;\n","protected":false},"author":2,"featured_media":217013,"comment_status":"","ping_status":"","sticky":false,"template":"","format":"standard","meta":{"footnotes":"","_share_on_mastodon":"0"},"categories":[12],"tags":[40,41,62501,39,7538,232,66,65,64],"class_list":["post-217012","post","type-post","status-publish","format-standard","has-post-thumbnail","category-welt","tag-nachrichten","tag-news","tag-rope-jumping","tag-schlagzeilen","tag-toedlicher-unfall","tag-unfall","tag-welt","tag-world","tag-world-news"],"share_on_mastodon":{"url":"https:\/\/pubeurope.com\/@at\/116752141973424173","error":""},"_links":{"self":[{"href":"https:\/\/www.europesays.com\/at\/wp-json\/wp\/v2\/posts\/217012","targetHints":{"allow":["GET"]}}],"collection":[{"href":"https:\/\/www.europesays.com\/at\/wp-json\/wp\/v2\/posts"}],"about":[{"href":"https:\/\/www.europesays.com\/at\/wp-json\/wp\/v2\/types\/post"}],"author":[{"embeddable":true,"href":"https:\/\/www.europesays.com\/at\/wp-json\/wp\/v2\/users\/2"}],"replies":[{"embeddable":true,"href":"https:\/\/www.europesays.com\/at\/wp-json\/wp\/v2\/comments?post=217012"}],"version-history":[{"count":0,"href":"https:\/\/www.europesays.com\/at\/wp-json\/wp\/v2\/posts\/217012\/revisions"}],"wp:featuredmedia":[{"embeddable":true,"href":"https:\/\/www.europesays.com\/at\/wp-json\/wp\/v2\/media\/217013"}],"wp:attachment":[{"href":"https:\/\/www.europesays.com\/at\/wp-json\/wp\/v2\/media?parent=217012"}],"wp:term":[{"taxonomy":"category","embeddable":true,"href":"https:\/\/www.europesays.com\/at\/wp-json\/wp\/v2\/categories?post=217012"},{"taxonomy":"post_tag","embeddable":true,"href":"https:\/\/www.europesays.com\/at\/wp-json\/wp\/v2\/tags?post=217012"}],"curies":[{"name":"wp","href":"https:\/\/api.w.org\/{rel}","templated":true}]}}