{"id":218815,"date":"2026-06-15T23:58:11","date_gmt":"2026-06-15T23:58:11","guid":{"rendered":"https:\/\/www.europesays.com\/at\/218815\/"},"modified":"2026-06-15T23:58:11","modified_gmt":"2026-06-15T23:58:11","slug":"neuer-klub-fuer-ex-wac-kapitaen-baumgartner","status":"publish","type":"post","link":"https:\/\/www.europesays.com\/at\/218815\/","title":{"rendered":"Neuer Klub f\u00fcr Ex-WAC-Kapit\u00e4n Baumgartner"},"content":{"rendered":"<p>Der ehemalige <a href=\"https:\/\/www.skysportaustria.at\/fussball\/admiral-bundesliga\/wolfsberger-ac\/\" rel=\"nofollow noopener\" target=\"_blank\">WAC<\/a>-Kapit\u00e4n Dominik Baumgartner hat einen neuen Klub gefunden. Der 29-J\u00e4hrige unterschreibt in Polen.<\/p>\n<p>Der Innenverteidiger unterschreibt einen Vertrag beim Erstligisten KS Cracovia einen Zweijahresvertrag bis Juni 2028.<\/p>\n<p>In Krakau trifft Baumgartner auf seinen ehemaligen Mitspieler Gustav Henriksson. Gemeinsam kickten sie zwischen Februar 2021 und J\u00e4nner 2022 f\u00fcr den WAC. Mit Dijon Kameri steht au\u00dferdem ein weiterer \u00d6sterreicher im Kader der Polen.<\/p>\n<p>Baumgartner spielte seit 2019 f\u00fcr die Wolfsberger und f\u00fchrte den Klub unter anderem als Kapit\u00e4n zum \u00d6FB-Cupsieg im Jahr 2025. F\u00fcr den WAC absolvierte der Defensivspieler 216 Pflichtspiele, in denen ihm 16 Tore und neun Vorlagen gelangen. Im Juni lief der Vertrag des Verteidigers im Lavanttal aus.<\/p>\n<p>Aus Datenschutz-Gr\u00fcnden ist dieser Inhalt ausgeblendet. Die Einbettung von externen Inhalten kann hier aktiviert werden:<\/p>\n<p>Externe Inhalte aktivieren<\/p>\n<p><a class=\"ad-msg\" href=\"https:\/\/www.skysportaustria.at\/tippliga\/login\/\" target=\"_blank\" rel=\"nofollow noopener\"><img loading=\"lazy\" decoding=\"async\" width=\"3751\" height=\"1250\" src=\"https:\/\/www.europesays.com\/at\/wp-content\/uploads\/2026\/06\/1781567891_245_Tippliga_Banner_900x300.png\" class=\"ad-msg__image ad-msg__image--desktop\" alt=\"Werbung\"  \/><\/a><\/p>\n<p>Bild: GEPA<\/p>\n","protected":false},"excerpt":{"rendered":"Der ehemalige WAC-Kapit\u00e4n Dominik Baumgartner hat einen neuen Klub gefunden. Der 29-J\u00e4hrige unterschreibt in Polen. Der Innenverteidiger unterschreibt&hellip;\n","protected":false},"author":2,"featured_media":218816,"comment_status":"","ping_status":"","sticky":false,"template":"","format":"standard","meta":{"footnotes":"","_share_on_mastodon":"0"},"categories":[8],"tags":[15326,40,41,39,38],"class_list":["post-218815","post","type-post","status-publish","format-standard","has-post-thumbnail","category-nachrichten","tag-dominik-baumgartner","tag-nachrichten","tag-news","tag-schlagzeilen","tag-top-meldungen"],"share_on_mastodon":{"url":"https:\/\/pubeurope.com\/@at\/116756841081514343","error":""},"_links":{"self":[{"href":"https:\/\/www.europesays.com\/at\/wp-json\/wp\/v2\/posts\/218815","targetHints":{"allow":["GET"]}}],"collection":[{"href":"https:\/\/www.europesays.com\/at\/wp-json\/wp\/v2\/posts"}],"about":[{"href":"https:\/\/www.europesays.com\/at\/wp-json\/wp\/v2\/types\/post"}],"author":[{"embeddable":true,"href":"https:\/\/www.europesays.com\/at\/wp-json\/wp\/v2\/users\/2"}],"replies":[{"embeddable":true,"href":"https:\/\/www.europesays.com\/at\/wp-json\/wp\/v2\/comments?post=218815"}],"version-history":[{"count":0,"href":"https:\/\/www.europesays.com\/at\/wp-json\/wp\/v2\/posts\/218815\/revisions"}],"wp:featuredmedia":[{"embeddable":true,"href":"https:\/\/www.europesays.com\/at\/wp-json\/wp\/v2\/media\/218816"}],"wp:attachment":[{"href":"https:\/\/www.europesays.com\/at\/wp-json\/wp\/v2\/media?parent=218815"}],"wp:term":[{"taxonomy":"category","embeddable":true,"href":"https:\/\/www.europesays.com\/at\/wp-json\/wp\/v2\/categories?post=218815"},{"taxonomy":"post_tag","embeddable":true,"href":"https:\/\/www.europesays.com\/at\/wp-json\/wp\/v2\/tags?post=218815"}],"curies":[{"name":"wp","href":"https:\/\/api.w.org\/{rel}","templated":true}]}}