{"id":219912,"date":"2026-06-16T13:17:23","date_gmt":"2026-06-16T13:17:23","guid":{"rendered":"https:\/\/www.europesays.com\/at\/219912\/"},"modified":"2026-06-16T13:17:23","modified_gmt":"2026-06-16T13:17:23","slug":"ki-boom-in-graz-praxis-workshop-zu-gewinnen-stadtportal-der-landeshauptstadt-graz","status":"publish","type":"post","link":"https:\/\/www.europesays.com\/at\/219912\/","title":{"rendered":"KI-Boom in Graz: Praxis-Workshop zu gewinnen\u00a0&#8211;\u00a0Stadtportal der Landeshauptstadt Graz"},"content":{"rendered":"<p style=\"text-align: justify;\">Das Interesse an K\u00fcnstlicher Intelligenz ist in Graz aktuell so gro\u00df wie nie: \u00dcber 100 Unternehmen haben Projekte im Rahmen unserer j\u00fcngsten <a title=\"F\u00f6rderungen &amp; Unterst\u00fctzungen \" href=\"https:\/\/www.graz.at\/cms\/beitrag\/10467069\/8145153\/?cms_nearest=10372890\" target=\"_top\" rel=\"nofollow noopener\">KI-F\u00f6rderung<\/a> eingereicht. Die hohe Beteiligung zeigt deutlich, wie wichtig das Thema f\u00fcr den Wirtschaftsstandort geworden ist &#8211; und dass es l\u00e4ngst nicht mehr nur um Technologie geht, sondern um den konkreten Einsatz im Unternehmensalltag.<\/p>\n<p style=\"text-align: justify;\">Da die Nachfrage die verf\u00fcgbaren F\u00f6rdermittel \u00fcbertroffen hat, wird das Angebot nun erweitert: Mit einem Gewinnspiel haben Unternehmen die Chance, einen von 10 praxisnahen KI-Basisworkshops zu gewinnen. In jeweils 3,5 Stunden erhalten die Teilnehmenden einen kompakten Einstieg in die Welt der KI &#8211; von Grundlagen \u00fcber konkrete Anwendungsbeispiele in Marketing, Logistik, HR und Finanzen bis hin zu Automatisierungsm\u00f6glichkeiten im B\u00fcroalltag. Auch rechtliche Fragestellungen, etwa im Zusammenhang mit dem EU AI Act, werden verst\u00e4ndlich aufbereitet.<\/p>\n<p style=\"text-align: justify;\">Konzipiert und begleitet werden die Workshops von Expert:innen aus der Praxis &#8211; darunter <a title=\"IDea Lab\" href=\"https:\/\/idea-lab.uni-graz.at\/de\/\" target=\"_blank\" rel=\"nofollow noopener\">IDea Lab<\/a> und <a title=\"FraissIT \" href=\"https:\/\/fraiss.com\/\" target=\"_blank\" rel=\"nofollow noopener\">FraissIT<\/a>. Ziel ist es, Unternehmen nicht nur Wissen zu vermitteln, sondern konkrete Ans\u00e4tze, die sich direkt umsetzen lassen.<\/p>\n","protected":false},"excerpt":{"rendered":"Das Interesse an K\u00fcnstlicher Intelligenz ist in Graz aktuell so gro\u00df wie nie: \u00dcber 100 Unternehmen haben Projekte&hellip;\n","protected":false},"author":2,"featured_media":219913,"comment_status":"","ping_status":"","sticky":false,"template":"","format":"standard","meta":{"footnotes":"","_share_on_mastodon":"0"},"categories":[14],"tags":[17360,63107,46,42,95,90,89,4727,508,91,94,44,555,554,93,92,63108],"class_list":["post-219912","post","type-post","status-publish","format-standard","has-post-thumbnail","category-unternehmen-maerkte","tag-ai","tag-artificial-inteligence","tag-at","tag-austria","tag-business","tag-companies","tag-companies-markets","tag-foerderung","tag-kuenstliche-intelligenz","tag-markets","tag-maerkte","tag-oesterreich","tag-portal-der-stadt-graz","tag-stadt-graz","tag-unternehmen","tag-unternehmen-maerkte","tag-welt-der-ki"],"share_on_mastodon":{"url":"https:\/\/pubeurope.com\/@at\/116759982644719124","error":""},"_links":{"self":[{"href":"https:\/\/www.europesays.com\/at\/wp-json\/wp\/v2\/posts\/219912","targetHints":{"allow":["GET"]}}],"collection":[{"href":"https:\/\/www.europesays.com\/at\/wp-json\/wp\/v2\/posts"}],"about":[{"href":"https:\/\/www.europesays.com\/at\/wp-json\/wp\/v2\/types\/post"}],"author":[{"embeddable":true,"href":"https:\/\/www.europesays.com\/at\/wp-json\/wp\/v2\/users\/2"}],"replies":[{"embeddable":true,"href":"https:\/\/www.europesays.com\/at\/wp-json\/wp\/v2\/comments?post=219912"}],"version-history":[{"count":0,"href":"https:\/\/www.europesays.com\/at\/wp-json\/wp\/v2\/posts\/219912\/revisions"}],"wp:featuredmedia":[{"embeddable":true,"href":"https:\/\/www.europesays.com\/at\/wp-json\/wp\/v2\/media\/219913"}],"wp:attachment":[{"href":"https:\/\/www.europesays.com\/at\/wp-json\/wp\/v2\/media?parent=219912"}],"wp:term":[{"taxonomy":"category","embeddable":true,"href":"https:\/\/www.europesays.com\/at\/wp-json\/wp\/v2\/categories?post=219912"},{"taxonomy":"post_tag","embeddable":true,"href":"https:\/\/www.europesays.com\/at\/wp-json\/wp\/v2\/tags?post=219912"}],"curies":[{"name":"wp","href":"https:\/\/api.w.org\/{rel}","templated":true}]}}