{"id":220856,"date":"2026-06-16T23:11:15","date_gmt":"2026-06-16T23:11:15","guid":{"rendered":"https:\/\/www.europesays.com\/at\/220856\/"},"modified":"2026-06-16T23:11:15","modified_gmt":"2026-06-16T23:11:15","slug":"mit-rekordmann-mbappe-frankreich-holt-vs-senegal-arbeitssieg-zum-start","status":"publish","type":"post","link":"https:\/\/www.europesays.com\/at\/220856\/","title":{"rendered":"Mit Rekordmann Mbapp\u00e9: Frankreich holt vs Senegal Arbeitssieg zum Start"},"content":{"rendered":"<p> <img decoding=\"async\" src=\"https:\/\/www.europesays.com\/at\/wp-content\/uploads\/2026\/06\/4d3378777a581d88b6e3b8ca4adb55bfab448c70.jpg\" alt=\"\"\/> <\/p>\n<p>Ein Geniestreich der Superstars als Initialz\u00fcndung: Das franz\u00f6sische Milliarden-Ensemble um den Rekordmann Kylian Mbapp\u00e9 ist mit einem Arbeitssieg in seine Titelmission gestartet &#8211; muss sich f\u00fcr den Traum vom dritten Stern aber steigern. Das Team von Trainer Didier Deschamps bezwang Senegal mit 3:1 (0:0) und revanchierte sich damit f\u00fcr die Auftaktpleite bei der WM 2002.\u00a0<a href=\"https:\/\/ticker.ligaportal.at\/spielplan\/2294\/fussball-wm\/264900\" rel=\"nofollow noopener\" target=\"_blank\">Verfolge alle 104 Spiele der Weltmeisterschaft im\u00a0Ligaportal-LIVETICKER!<\/a><\/p>\n<p><img decoding=\"async\" src=\"https:\/\/www.europesays.com\/at\/wp-content\/uploads\/2026\/06\/03fc450cd56128fbc48e6053be89bc64f25305d0.jpg\" alt=\"Jubelt \u00fcber seinen Treffer: Kylian Mbapp\u00e9 (Foto: AFP\/SID\/CHARLY TRIBALLEAU)\"\/><\/p>\n<p>Jubelt \u00fcber seinen Treffer: Kylian Mbapp\u00e9<\/p>\n<p>Foto: AFP\/SID\/CHARLY TRIBALLEAU<\/p>\n<p>Eine geniale Aktion von Michael Olise und Mbapp\u00e9 stellte in East Rutherford die Weichen, der Kapit\u00e4n vollendete einen Traumpass des M\u00fcnchners eiskalt (66.). Dazu erh\u00f6hte Bradley Barcola (82.) nach einem schnellen Angriff. Der Anschlusstreffer durch Ibrahim Mbaye (90.+5) \u00e4nderte nichts, weil Mbapp\u00e9 (90.+6) mit einem Traumtor erneut zuschlug. Mit seinen L\u00e4nderspieltreffern 57 und 58 \u00fcberholte der Superstar dazu Olivier Giroud und stieg zu Frankreichs Rekordtorsch\u00fctzen auf.<\/p>\n<p>Phasenweise hatte die Turbooffensive noch etwas Sand im Getriebe vor den Toren New Yorks, wo am 19. Juli die Reise mit dem WM-Pokal enden soll. Die Westafrikaner um den ehemaligen Bayern-Star Sadio Man\u00e9 hielten in der ersten Halbzeit stark mit. Damit hat die \u00c9quipe Tricolore vor dem zweiten Gruppenspiel gegen den Irak am Montag beste Karten f\u00fcr den Einzug ins Sechzehntelfinale.<\/p>\n<p>Frankreich ging mit dem teuersten Kader der WM-Historie in das Turnier, die 26 Spieler haben zusammen einen Marktwert von fast 1,5 Milliarden Euro. Und sie sollten die b\u00f6sen Geister von 2002 zum Auftakt unbedingt vertreiben: Vor 8782 Tagen hatte Frankreich als Weltmeister in Seoul das Er\u00f6ffnungsspiel gegen die fr\u00fchere Kolonie sensationell mit 0:1 verloren.<\/p>\n<p>Die Senegalesen sehen die Generation von damals als &#8222;Vorbilder&#8220;, betonte Man\u00e9. Mit der Inspiration von 2002 legte der Au\u00dfenseiter mutig los. Erst mit Anlaufzeit \u00fcbernahmen Les Bleues vor 80.545 Zuschauern die Kontrolle, der Hochgeschwindigkeitsoffensive fiel aber nicht viel ein.<\/p>\n<p>Trotz vieler Positionswechsel wirkte das Spiel zu beh\u00e4big, die dichten Defensivreihen der &#8222;L\u00f6wen von Teranga&#8220; standen stabil &#8211; ab und an ging es sogar per Konter gef\u00e4hrlich nach vorne. Bei einem solchen setzte sich der M\u00fcnchner Nicolas Jackson gegen Vereinskollege Dayot Upamecano durch und traf per Flachschuss den Pfosten (25.).<\/p>\n<p>Auch das lautstarke &#8222;Allez Les Bleues&#8220; von den R\u00e4ngen entfachte das franz\u00f6sische WM-Feuer nicht, vor der Pause gab es keinen Schuss aufs Tor. Stattdessen hatte auf der Gegenseite Ismaila Sarr die F\u00fchrung auf dem Fu\u00df (45.+6).<\/p>\n<p>Nach dem Seitenwechsel dr\u00fcckte der Topfavorit endlich aufs Tempo, Olise (53.) und Mbapp\u00e9 (57.) scheiterten jeweils an einer starken Fu\u00dfabwehr von Edouard Mendy. Einen m\u00f6glichen Foulelfmeter f\u00fcr Mbapp\u00e9 gab Referee Alireza Faghani auch nach Ansicht der Videobilder nicht (60.). Nur wenig sp\u00e4ter war er dann nach einem Steckpass von Olise erfolgreich &#8211; und ebnete den Weg zum Sieg.<\/p>\n<p class=\"text-secondary\">\u00a9 2026 SID<\/p>\n","protected":false},"excerpt":{"rendered":"Ein Geniestreich der Superstars als Initialz\u00fcndung: Das franz\u00f6sische Milliarden-Ensemble um den Rekordmann Kylian Mbapp\u00e9 ist mit einem Arbeitssieg&hellip;\n","protected":false},"author":2,"featured_media":220857,"comment_status":"","ping_status":"","sticky":false,"template":"","format":"standard","meta":{"footnotes":"","_share_on_mastodon":"0"},"categories":[8],"tags":[32628,532,7553,40,41,39,63286,38],"class_list":["post-220856","post","type-post","status-publish","format-standard","has-post-thumbnail","category-nachrichten","tag-arbeitssieg","tag-frankreich","tag-kylian-mbappe","tag-nachrichten","tag-news","tag-schlagzeilen","tag-superstars","tag-top-meldungen"],"share_on_mastodon":{"url":"https:\/\/pubeurope.com\/@at\/116762318412360507","error":""},"_links":{"self":[{"href":"https:\/\/www.europesays.com\/at\/wp-json\/wp\/v2\/posts\/220856","targetHints":{"allow":["GET"]}}],"collection":[{"href":"https:\/\/www.europesays.com\/at\/wp-json\/wp\/v2\/posts"}],"about":[{"href":"https:\/\/www.europesays.com\/at\/wp-json\/wp\/v2\/types\/post"}],"author":[{"embeddable":true,"href":"https:\/\/www.europesays.com\/at\/wp-json\/wp\/v2\/users\/2"}],"replies":[{"embeddable":true,"href":"https:\/\/www.europesays.com\/at\/wp-json\/wp\/v2\/comments?post=220856"}],"version-history":[{"count":0,"href":"https:\/\/www.europesays.com\/at\/wp-json\/wp\/v2\/posts\/220856\/revisions"}],"wp:featuredmedia":[{"embeddable":true,"href":"https:\/\/www.europesays.com\/at\/wp-json\/wp\/v2\/media\/220857"}],"wp:attachment":[{"href":"https:\/\/www.europesays.com\/at\/wp-json\/wp\/v2\/media?parent=220856"}],"wp:term":[{"taxonomy":"category","embeddable":true,"href":"https:\/\/www.europesays.com\/at\/wp-json\/wp\/v2\/categories?post=220856"},{"taxonomy":"post_tag","embeddable":true,"href":"https:\/\/www.europesays.com\/at\/wp-json\/wp\/v2\/tags?post=220856"}],"curies":[{"name":"wp","href":"https:\/\/api.w.org\/{rel}","templated":true}]}}