{"id":222063,"date":"2026-06-17T13:21:28","date_gmt":"2026-06-17T13:21:28","guid":{"rendered":"https:\/\/www.europesays.com\/at\/222063\/"},"modified":"2026-06-17T13:21:28","modified_gmt":"2026-06-17T13:21:28","slug":"deal-offiziell-red-bull-salzburg-hat-einen-neuen-chef-trainer","status":"publish","type":"post","link":"https:\/\/www.europesays.com\/at\/222063\/","title":{"rendered":"Deal offiziell &#8211; Red Bull Salzburg hat einen neuen Chef-Trainer"},"content":{"rendered":"<p>Jetzt holte ihn sein Landsmann und Sportchef Marcus Mann ins von J\u00fcrgen Klopp geleitete Fu\u00dfball-Gef\u00fcge des Getr\u00e4nkekonzerns zur\u00fcck. An der Salzach \u00fcbernimmt R\u00f6hl eine Mannschaft im Umbruch, die seit Sommer 2023 unter den Trainern Gerhard Struber, Onur Cinel, Pep Lijnders, Thomas Letsch und Beichler titellos geblieben ist. \u201eIch freue mich riesig auf meine neue Aufgabe. Ich kenne den Club bereits aus meiner Trainervergangenheit und wei\u00df, welche M\u00f6glichkeiten hier vorhanden sind, welche Qualit\u00e4t im Verein steckt und welche ambitionierten Ziele verfolgt werden. Genau das hat mich gereizt\u201c, wurde R\u00f6hl in der Vereinsaussendung zitiert. \u201eSalzburg steht f\u00fcr mutigen, intensiven und offensiven Fu\u00dfball \u2013 eine Art Fu\u00dfball, mit der ich mich sehr identifiziere und die auch zu meiner Vorstellung vom Spiel passt.\u201c<\/p>\n","protected":false},"excerpt":{"rendered":"Jetzt holte ihn sein Landsmann und Sportchef Marcus Mann ins von J\u00fcrgen Klopp geleitete Fu\u00dfball-Gef\u00fcge des Getr\u00e4nkekonzerns zur\u00fcck.&hellip;\n","protected":false},"author":2,"featured_media":222064,"comment_status":"","ping_status":"","sticky":false,"template":"","format":"standard","meta":{"footnotes":"","_share_on_mastodon":"0"},"categories":[31],"tags":[46,42,1057,1059,61128,13514,1061,27810,22208,5923,16298,45521,44,63547,8346,1065,62080,63548,192,28581,7642,3592],"class_list":["post-222063","post","type-post","status-publish","format-standard","has-post-thumbnail","category-salzburg","tag-at","tag-austria","tag-beichler","tag-daniel-beichler","tag-danny-roehl","tag-fc-bayern","tag-fc-red-bull-salzburg","tag-gerhard-struber","tag-glasgow-rangers","tag-juergen-klopp","tag-marcus-mann","tag-onur-cinel","tag-oesterreich","tag-pepijn-lijnders","tag-rb-leipzig","tag-red-bull-salzburg","tag-roehl","tag-roehls","tag-salzburg","tag-schottischen","tag-taxham","tag-thomas-letsch"],"share_on_mastodon":{"url":"https:\/\/pubeurope.com\/@at\/116765660595663628","error":""},"_links":{"self":[{"href":"https:\/\/www.europesays.com\/at\/wp-json\/wp\/v2\/posts\/222063","targetHints":{"allow":["GET"]}}],"collection":[{"href":"https:\/\/www.europesays.com\/at\/wp-json\/wp\/v2\/posts"}],"about":[{"href":"https:\/\/www.europesays.com\/at\/wp-json\/wp\/v2\/types\/post"}],"author":[{"embeddable":true,"href":"https:\/\/www.europesays.com\/at\/wp-json\/wp\/v2\/users\/2"}],"replies":[{"embeddable":true,"href":"https:\/\/www.europesays.com\/at\/wp-json\/wp\/v2\/comments?post=222063"}],"version-history":[{"count":0,"href":"https:\/\/www.europesays.com\/at\/wp-json\/wp\/v2\/posts\/222063\/revisions"}],"wp:featuredmedia":[{"embeddable":true,"href":"https:\/\/www.europesays.com\/at\/wp-json\/wp\/v2\/media\/222064"}],"wp:attachment":[{"href":"https:\/\/www.europesays.com\/at\/wp-json\/wp\/v2\/media?parent=222063"}],"wp:term":[{"taxonomy":"category","embeddable":true,"href":"https:\/\/www.europesays.com\/at\/wp-json\/wp\/v2\/categories?post=222063"},{"taxonomy":"post_tag","embeddable":true,"href":"https:\/\/www.europesays.com\/at\/wp-json\/wp\/v2\/tags?post=222063"}],"curies":[{"name":"wp","href":"https:\/\/api.w.org\/{rel}","templated":true}]}}