{"id":222095,"date":"2026-06-17T13:38:09","date_gmt":"2026-06-17T13:38:09","guid":{"rendered":"https:\/\/www.europesays.com\/at\/222095\/"},"modified":"2026-06-17T13:38:09","modified_gmt":"2026-06-17T13:38:09","slug":"zusammengewuerfelter-haufen-sturm-graz-startet-in-vorbereitung","status":"publish","type":"post","link":"https:\/\/www.europesays.com\/at\/222095\/","title":{"rendered":"&#8222;Zusammengew\u00fcrfelter Haufen&#8220;: Sturm Graz startet in Vorbereitung"},"content":{"rendered":"<p>Die <a href=\"https:\/\/www.laola1.at\/de\/daten\/news\/fussball\/fussball\/\" class=\"tag\" rel=\"nofollow noopener\" target=\"_blank\">Fu\u00dfball<\/a>-Bundesligisten Sturm Graz und Red Bull Salzburg haben am Mittwoch ihren Trainingsauftakt bestritten.<\/p>\n<p>Bei den Salzburgern verschaffte sich der neue Trainer Danny R\u00f6hl ein erstes Bild, in der Steiermark fehlten Sturm-Coach Fabio Ingolitsch viele Spieler.<\/p>\n<p>&#8222;Wir sind momentan ein bunt zusammengew\u00fcrfelter Haufen. Wir haben viele Talente von der zweiten Mannschaft dabei, die sich aufdr\u00e4ngen d\u00fcrfen&#8220;, sagte Ingolitsch. &#8222;Wir versuchen, die Jungs von der Leine zu lassen.&#8220;<\/p>\n<p>Neuzug\u00e4nge mit dabei<\/p>\n<p>Von den Grazer Neuzug\u00e4ngen pr\u00e4sentierten sich zum Auftakt <a href=\"https:\/\/www.laola1.at\/de\/daten\/news\/ammar-helac\/\" class=\"tag\" rel=\"nofollow noopener\" target=\"_blank\">Ammar Helac<\/a>, J\u00fcrgen Heil und Simon Seidl.<\/p>\n<p>&#8222;Wir machen wieder das, was wir am liebsten tun: Fu\u00dfballspielen&#8220;, erkl\u00e4rte Seidl der APA, der sich nach eigenen Angaben &#8222;ganz gut eingelebt&#8220; hat. Die Vorfreude sei gro\u00df. &#8222;Der Verein hat sich unglaublich entwickelt und ich m\u00f6cht jetzt ein Teil davon sein&#8220;, sagte der Mittelfeldspieler, der von Absteiger Blau-Wei\u00df Linz kam.<\/p>\n<p>Dagegen fehlte der neue Innenverteidiger Petar Petrovic, der mit dem serbischen Nationalteam in Mexiko war und beim 1:5 gegen den WM-Co-Gastgeber als &#8222;Joker&#8220; sein Teamdeb\u00fct gegeben hatte.<\/p>\n<p>Der 20-J\u00e4hrige steigt wie die anderen Teamspieler am Montag ins Training ein. Das trifft zum Beispiel f\u00fcr <a href=\"https:\/\/www.laola1.at\/de\/daten\/news\/otar-kiteishvili\/\" class=\"tag\" rel=\"nofollow noopener\" target=\"_blank\">Otar Kiteishvili<\/a>, Filip Rozga oder Jeyland Mitchell zu. Noch l\u00e4nger fehlt Arjan Malic, der mit <a href=\"https:\/\/www.laola1.at\/de\/daten\/news\/bosnien-herzegowina\/\" class=\"tag\" rel=\"nofollow noopener\" target=\"_blank\">Bosnien-Herzegowina<\/a> bei der WM in Nordamerika weilt.<\/p>\n<p>Leihspieler auf Probe zur\u00fcck<\/p>\n<p>Ebenfalls am Mittwoch anwesend waren mit <a href=\"https:\/\/www.laola1.at\/de\/daten\/news\/szymon-wlodarczyk\/\" class=\"tag\" rel=\"nofollow noopener\" target=\"_blank\">Szymon Wlodarczyk<\/a> (Excelsior Rotterdam), <a href=\"https:\/\/www.laola1.at\/de\/daten\/news\/amady-camara\/\" class=\"tag\" rel=\"nofollow noopener\" target=\"_blank\">Amady Camara<\/a> (Nantes), Peter Kiedl (Ried) und Emran Soglo (Zulte Waregem) vier Spieler, deren Leihe in der Fremde ausgelaufen ist.<\/p>\n<p>Ingolitsch will sich das Quartett, das er noch nicht trainiert hat, anschauen, bevor eine Entscheidung getroffen wird. &#8222;Da sind Profile dabei, die wir aktuell nicht im Kader haben. Und deswegen stehen die T\u00fcren weit offen f\u00fcr alle.&#8220; Mit den bisherigen Transfers zeigte sich der Sturm-Trainer &#8222;sehr zufrieden&#8220;.<\/p>\n<p>Abwehrspieler <a href=\"https:\/\/www.laola1.at\/de\/daten\/news\/emanuel-aiwu\/\" class=\"tag\" rel=\"nofollow noopener\" target=\"_blank\">Emanuel Aiwu<\/a> soll indes abgegeben werden. Bei Linksverteidiger <a href=\"https:\/\/www.laola1.at\/de\/daten\/news\/emir-karic\/\" class=\"tag\" rel=\"nofollow noopener\" target=\"_blank\">Emir Karic<\/a> &#8222;bahnt sich ein Wechsel an&#8220;, erkl\u00e4rte Gesch\u00e4ftsf\u00fchrer Sport Michael Parensen. Auf dieser Position ergibt sich dadurch Handlungsbedarf.<\/p>\n<p>Bei Dimitri Lavalee, dessen Vertrag ausl\u00e4uft, spie\u00dft es sich momentan. &#8222;Wir sind in Gespr\u00e4chen, aber eine Einigung ist jetzt nicht absehbar&#8220;, sagte Parensen, der w\u00e4hrend der WM einen tr\u00e4gen Transfermarkt erwartet. Als Ziel wurde das Erreichen einer internationalen Ligaphase ausgegeben.<\/p>\n<p><a target=\"_self\" rel=\"noopener noreferrer nofollow\" href=\"https:\/\/www.laola1.at\/de\/red\/fussball\/bundesliga\/news\/sturm-graz-nimmt-veraenderungen-im-trainerteam-vor\/\">Kleine Ver\u00e4nderungen gab es indes im Trainerstab der Grazer &gt;&gt;&gt;<\/a><\/p>\n","protected":false},"excerpt":{"rendered":"Die Fu\u00dfball-Bundesligisten Sturm Graz und Red Bull Salzburg haben am Mittwoch ihren Trainingsauftakt bestritten. Bei den Salzburgern verschaffte&hellip;\n","protected":false},"author":2,"featured_media":151388,"comment_status":"","ping_status":"","sticky":false,"template":"","format":"standard","meta":{"footnotes":"","_share_on_mastodon":"0"},"categories":[8],"tags":[1069,52176,36171,23615,26960,61128,23620,4240,52178,4241,16559,964,5989,10798,16820,40,41,10781,39,10783,1072,52181,38],"class_list":["post-222095","post","type-post","status-publish","format-standard","has-post-thumbnail","category-nachrichten","tag-admiral-bundesliga","tag-amady-camara","tag-ammar-helac","tag-arjan-malic","tag-bosnien-herzegowina","tag-danny-roehl","tag-emanuel-aiwu","tag-emir-karic","tag-emran-soglo","tag-fabio-ingolitsch","tag-filip-rozga","tag-fussball","tag-jeyland-mitchell","tag-juergen-heil","tag-michael-parensen","tag-nachrichten","tag-news","tag-peter-kiedl","tag-schlagzeilen","tag-simon-seidl","tag-sk-sturm-graz","tag-szymon-wlodarczyk","tag-top-meldungen"],"share_on_mastodon":{"url":"https:\/\/pubeurope.com\/@at\/116765727504372219","error":""},"_links":{"self":[{"href":"https:\/\/www.europesays.com\/at\/wp-json\/wp\/v2\/posts\/222095","targetHints":{"allow":["GET"]}}],"collection":[{"href":"https:\/\/www.europesays.com\/at\/wp-json\/wp\/v2\/posts"}],"about":[{"href":"https:\/\/www.europesays.com\/at\/wp-json\/wp\/v2\/types\/post"}],"author":[{"embeddable":true,"href":"https:\/\/www.europesays.com\/at\/wp-json\/wp\/v2\/users\/2"}],"replies":[{"embeddable":true,"href":"https:\/\/www.europesays.com\/at\/wp-json\/wp\/v2\/comments?post=222095"}],"version-history":[{"count":0,"href":"https:\/\/www.europesays.com\/at\/wp-json\/wp\/v2\/posts\/222095\/revisions"}],"wp:featuredmedia":[{"embeddable":true,"href":"https:\/\/www.europesays.com\/at\/wp-json\/wp\/v2\/media\/151388"}],"wp:attachment":[{"href":"https:\/\/www.europesays.com\/at\/wp-json\/wp\/v2\/media?parent=222095"}],"wp:term":[{"taxonomy":"category","embeddable":true,"href":"https:\/\/www.europesays.com\/at\/wp-json\/wp\/v2\/categories?post=222095"},{"taxonomy":"post_tag","embeddable":true,"href":"https:\/\/www.europesays.com\/at\/wp-json\/wp\/v2\/tags?post=222095"}],"curies":[{"name":"wp","href":"https:\/\/api.w.org\/{rel}","templated":true}]}}