{"id":222183,"date":"2026-06-17T14:34:11","date_gmt":"2026-06-17T14:34:11","guid":{"rendered":"https:\/\/www.europesays.com\/at\/222183\/"},"modified":"2026-06-17T14:34:11","modified_gmt":"2026-06-17T14:34:11","slug":"kritik-an-einsparungen-aus-fuer-bezirksgerichte-neben-oevp-und-fpoe-lehnt-auch-spoe-sparplaene-ab","status":"publish","type":"post","link":"https:\/\/www.europesays.com\/at\/222183\/","title":{"rendered":"Kritik an Einsparungen &#8211; Aus f\u00fcr Bezirksgerichte? Neben \u00d6VP und FP\u00d6 lehnt auch SP\u00d6 Sparpl\u00e4ne ab"},"content":{"rendered":"<p>        <img decoding=\"async\" src=\"https:\/\/www.europesays.com\/at\/wp-content\/uploads\/2026\/06\/img-3IPnrXbpevUIEmIJ.jpeg\" data-fullscreen-src=\"https:\/\/www.noen.at\/image\/3840x0-jpg\/6474323\/img-3IPnrXbpevUIEmIJ.jpeg\" bad-src=\"https:\/\/www.europesays.com\/at\/wp-content\/uploads\/2026\/06\/img-3IPnrXbpevUIEmIJ.jpeg\" data-teaser-member=\"image\" alt=\"In N\u00d6 k\u00f6nnten zwei Bezirksgerichte geschlossen werden \u2013 es formiert sich Widerstand.\"\/><\/p>\n<p>\n                In N\u00d6 k\u00f6nnten zwei Bezirksgerichte geschlossen werden \u2013 es formiert sich Widerstand.            <\/p>\n<p>\n                Foto:<br \/>\n                APA\/Georg Hochmuth                            <\/p>\n<p>\n        Dass kleinere Bezirksgerichte dem Sparstift zum Opfer fallen k\u00f6nnten, sorgt in mehreren Bundesl\u00e4ndern f\u00fcr ordentlich Unmut. Weil auch in N\u00d6 zwei H\u00e4user zusperren k\u00f6nnten, steigen die Volkspartei und die Freiheitlichen im Land auf die Barrikaden. Und auch die SP\u00d6 ist dagegen.     <\/p>\n<p>Exakt 113 Bezirksgerichte gibt es bundesweit \u2013 insgesamt 16 d\u00fcrften wackeln. Zun\u00e4chst hatte die \u201eTiroler Tageszeitung\u201c \u00fcber Pl\u00e4ne berichtet, wonach kleinere Bezirksgerichte aus finanziellen Gr\u00fcnden zusammengelegt werden k\u00f6nnten. Das von Anna Sporrer (SP\u00d6) gef\u00fchrte Justizministerium best\u00e4tigte entsprechende Verhandlungen innerhalb der Koalition.<\/p>\n","protected":false},"excerpt":{"rendered":"In N\u00d6 k\u00f6nnten zwei Bezirksgerichte geschlossen werden \u2013 es formiert sich Widerstand. Foto: APA\/Georg Hochmuth Dass kleinere Bezirksgerichte&hellip;\n","protected":false},"author":2,"featured_media":222184,"comment_status":"","ping_status":"","sticky":false,"template":"","format":"standard","meta":{"footnotes":"","_share_on_mastodon":"0"},"categories":[6],"tags":[3805,30092,46,42,63574,646,8158,44,3455,724,43,45,18926,26496],"class_list":["post-222183","post","type-post","status-publish","format-standard","has-post-thumbnail","category-oesterreich","tag-_plus","tag-anna-sporrer","tag-at","tag-austria","tag-bezirksgericht","tag-free","tag-justizministerium","tag-oesterreich","tag-oevp-noe","tag-redaktion","tag-republic-of-austria","tag-republik-oesterreich","tag-schliessung","tag-spoe-noe"],"share_on_mastodon":{"url":"https:\/\/pubeurope.com\/@at\/116765948021436362","error":""},"_links":{"self":[{"href":"https:\/\/www.europesays.com\/at\/wp-json\/wp\/v2\/posts\/222183","targetHints":{"allow":["GET"]}}],"collection":[{"href":"https:\/\/www.europesays.com\/at\/wp-json\/wp\/v2\/posts"}],"about":[{"href":"https:\/\/www.europesays.com\/at\/wp-json\/wp\/v2\/types\/post"}],"author":[{"embeddable":true,"href":"https:\/\/www.europesays.com\/at\/wp-json\/wp\/v2\/users\/2"}],"replies":[{"embeddable":true,"href":"https:\/\/www.europesays.com\/at\/wp-json\/wp\/v2\/comments?post=222183"}],"version-history":[{"count":0,"href":"https:\/\/www.europesays.com\/at\/wp-json\/wp\/v2\/posts\/222183\/revisions"}],"wp:featuredmedia":[{"embeddable":true,"href":"https:\/\/www.europesays.com\/at\/wp-json\/wp\/v2\/media\/222184"}],"wp:attachment":[{"href":"https:\/\/www.europesays.com\/at\/wp-json\/wp\/v2\/media?parent=222183"}],"wp:term":[{"taxonomy":"category","embeddable":true,"href":"https:\/\/www.europesays.com\/at\/wp-json\/wp\/v2\/categories?post=222183"},{"taxonomy":"post_tag","embeddable":true,"href":"https:\/\/www.europesays.com\/at\/wp-json\/wp\/v2\/tags?post=222183"}],"curies":[{"name":"wp","href":"https:\/\/api.w.org\/{rel}","templated":true}]}}