{"id":222659,"date":"2026-06-17T19:26:17","date_gmt":"2026-06-17T19:26:17","guid":{"rendered":"https:\/\/www.europesays.com\/at\/222659\/"},"modified":"2026-06-17T19:26:17","modified_gmt":"2026-06-17T19:26:17","slug":"floridsdorf-holt-wsg-verteidiger-thomas-geris","status":"publish","type":"post","link":"https:\/\/www.europesays.com\/at\/222659\/","title":{"rendered":"Floridsdorf holt WSG-Verteidiger Thomas Geris"},"content":{"rendered":"<p>2. Liga\u00a0<\/p>\n<p>                                    <img decoding=\"async\" src=\"https:\/\/www.europesays.com\/at\/wp-content\/uploads\/2026\/06\/thomas-geris-wsg-2022-1666706047-94900.jpg\" title=\"Floridsdorf holt WSG-Verteidiger Thomas Geris\" alt=\"Floridsdorf holt WSG-Verteidiger Thomas Geris\"\/><\/p>\n<p>\n                                       \u00a9IMAGO\n                                    <\/p>\n<p>Zweitligist <a title=\"Floridsdorfer AC\" href=\"https:\/\/www.transfermarkt.at\/floridsdorfer-ac\/startseite\/verein\/7443\" target=\"_blank\" rel=\"nofollow noopener\">Floridsdorfer AC<\/a> hat sich mit einem Bundesliga-Profi verst\u00e4rkt: <a title=\"Thomas Geris\" href=\"https:\/\/www.transfermarkt.at\/thomas-geris\/profil\/spieler\/524487\" target=\"_blank\" rel=\"nofollow noopener\">Thomas Geris<\/a> wechselt nach Wien. Der 23-j\u00e4hrige Au\u00dfenverteidiger kommt abl\u00f6sefrei von der <a title=\"WSG Tirol\" href=\"https:\/\/www.transfermarkt.at\/wsg-tirol\/startseite\/verein\/2446\" target=\"_blank\" rel=\"nofollow noopener\">WSG Tiro<\/a>l nach Floridsdorf, wo er einen bis 2027 laufenden Vertrag erh\u00e4lt. F\u00fcr die Wattener absolvierte Geris in der abgelaufenen Spielzeit drei Partien in der h\u00f6chsten Spielklasse.<\/p>\n<p><\/p>\n<p>Gesch\u00e4ftsf\u00fchrer Sport <a title=\"Lukas Fischer\" href=\"https:\/\/www.transfermarkt.at\/lukas-fischer\/profil\/trainer\/53570\" target=\"_blank\" rel=\"nofollow noopener\">Lukas Fischer<\/a> sagte: \u201eWir hatten auf dieser Position ein ganz klares Bild, welches Thomas sehr genau ausf\u00fcllt. Auch wenn seine Einsatzzeiten in der h\u00f6chsten Spielklasse begrenzt waren, sind wir \u00fcberzeugt, dass viel Potenzial in ihm steckt und er mit seiner Erfahrung und Qualit\u00e4t eine Verst\u00e4rkung f\u00fcr unsere Mannschaft ist. Wir freuen uns mit ihm in die neue Saison zu starten.\u201c<\/p>\n<p><\/p>\n<p>\n                                        Hinweis:<br \/>\n                                        Wenn du etwas googelst, bekommst du neben den normalen Ergebnissen auch eine Box mit aktuellen News angezeigt. Wenn du Transfermarkt als bevorzugte Quelle hinterlegst, tauchen unsere Inhalte dort h\u00e4ufiger f\u00fcr dich auf.<br \/>\n                                        <a href=\"https:\/\/www.google.com\/preferences\/source?q=transfermarkt.at\" target=\"_blank\" rel=\"noopener noreferrer nofollow\" onclick=\"tmEvent(&#039;news&#039;,&#039;click&#039;,&#039;google-preferences&#039;);&#010;\"><br \/>\n                                            F\u00fcge Transfermarkt hier als bevorzugte Quelle hinzu.                                        <\/a>\n                                    <\/p>\n","protected":false},"excerpt":{"rendered":"2. Liga\u00a0 \u00a9IMAGO Zweitligist Floridsdorfer AC hat sich mit einem Bundesliga-Profi verst\u00e4rkt: Thomas Geris wechselt nach Wien. Der&hellip;\n","protected":false},"author":2,"featured_media":222660,"comment_status":"","ping_status":"","sticky":false,"template":"","format":"standard","meta":{"footnotes":"","_share_on_mastodon":"0"},"categories":[32],"tags":[1322,46,42,676,14002,193,63653,44,63652,2278],"class_list":["post-222659","post","type-post","status-publish","format-standard","has-post-thumbnail","category-innsbruck","tag-2-liga","tag-at","tag-austria","tag-bundesliga","tag-floridsdorfer-ac","tag-innsbruck","tag-lukas-fischer","tag-oesterreich","tag-thomas-geris","tag-wsg-tirol"],"share_on_mastodon":{"url":"https:\/\/pubeurope.com\/@at\/116767096166420703","error":""},"_links":{"self":[{"href":"https:\/\/www.europesays.com\/at\/wp-json\/wp\/v2\/posts\/222659","targetHints":{"allow":["GET"]}}],"collection":[{"href":"https:\/\/www.europesays.com\/at\/wp-json\/wp\/v2\/posts"}],"about":[{"href":"https:\/\/www.europesays.com\/at\/wp-json\/wp\/v2\/types\/post"}],"author":[{"embeddable":true,"href":"https:\/\/www.europesays.com\/at\/wp-json\/wp\/v2\/users\/2"}],"replies":[{"embeddable":true,"href":"https:\/\/www.europesays.com\/at\/wp-json\/wp\/v2\/comments?post=222659"}],"version-history":[{"count":0,"href":"https:\/\/www.europesays.com\/at\/wp-json\/wp\/v2\/posts\/222659\/revisions"}],"wp:featuredmedia":[{"embeddable":true,"href":"https:\/\/www.europesays.com\/at\/wp-json\/wp\/v2\/media\/222660"}],"wp:attachment":[{"href":"https:\/\/www.europesays.com\/at\/wp-json\/wp\/v2\/media?parent=222659"}],"wp:term":[{"taxonomy":"category","embeddable":true,"href":"https:\/\/www.europesays.com\/at\/wp-json\/wp\/v2\/categories?post=222659"},{"taxonomy":"post_tag","embeddable":true,"href":"https:\/\/www.europesays.com\/at\/wp-json\/wp\/v2\/tags?post=222659"}],"curies":[{"name":"wp","href":"https:\/\/api.w.org\/{rel}","templated":true}]}}