{"id":224276,"date":"2026-06-18T13:42:09","date_gmt":"2026-06-18T13:42:09","guid":{"rendered":"https:\/\/www.europesays.com\/at\/224276\/"},"modified":"2026-06-18T13:42:09","modified_gmt":"2026-06-18T13:42:09","slug":"xiaomi-18-pro-leica-flaggschiffe-mit-alleinstellungsmerkmal-potentiell-auch-in-europa-inklusive-neuer-lofic-kamera","status":"publish","type":"post","link":"https:\/\/www.europesays.com\/at\/224276\/","title":{"rendered":"Xiaomi 18 Pro: Leica-Flaggschiffe mit Alleinstellungsmerkmal potentiell auch in Europa &#8211; inklusive neuer LOFIC-Kamera"},"content":{"rendered":"<p>Besseres Zweitdisplay und neue LOFIC-Kamera<\/p>\n<p class=\"bodytext\">Das in das Kameramodul integrierte Zweitdisplay wurde interessanterweise noch von keinem Konkurrenten kopiert und d\u00fcrfte den Verkaufszahlen au\u00dferhalb Chinas sicher keinen Abbruch tun, zumal Xiaomi f\u00fcr die Xiaomi 17 Pro Nachfolger offenbar ein helleres und gr\u00f6\u00dferes Display mit d\u00fcnneren Displayr\u00e4ndern plant, wie Leaker in der Vergangenheit <a href=\"https:\/\/www.notebookcheck.com\/Xiaomi-18-Pro-im-iPhone-Look-Starkes-Upgrade-fuer-rueckseitiges-Display-erwartet.1266343.0.html\" target=\"_self\" class=\"internal-link\" rel=\"nofollow noopener\">andeuteten<\/a>. Und auch die Leica-Kameras werden offenbar wieder mit Neuheiten aufwarten. Laut Kartikey Singh wird es zwar keine \u00c4nderungen beim Hersteller der Sensoren geben &#8211; Omnivision beim regul\u00e4ren Xiaomi 18 sowie SmartSens bei den beiden Pro-Modellen &#8211; eine neue LOFIC-Generation d\u00fcrfte allerdings die Dynamik weiter verbessern, zumal scheint sich in der gesamten Xiaomi 18 Serie auch eine neue Ultraweitwinkel-Kamera ohne den uralten ISOCELL JN5 Sensor <a href=\"https:\/\/x.com\/That_Kartikey\/status\/2067495994556911995\" target=\"_blank\" rel=\"nofollow\">anzuk\u00fcndigen<\/a>.<br \/>\u00a0<\/p>\n","protected":false},"excerpt":{"rendered":"Besseres Zweitdisplay und neue LOFIC-Kamera Das in das Kameramodul integrierte Zweitdisplay wurde interessanterweise noch von keinem Konkurrenten kopiert&hellip;\n","protected":false},"author":2,"featured_media":224277,"comment_status":"","ping_status":"","sticky":false,"template":"","format":"standard","meta":{"footnotes":"","_share_on_mastodon":"0"},"categories":[3],"tags":[6287,76,75,74,6285,4575,6288,6286,63923,6281,6283,12134,63922,26758,6291,6290,41,6280,6282,63925,6289,63924,15999,19431,2017,3707,6284,5087,63920,63921],"class_list":["post-224276","post","type-post","status-publish","format-standard","has-post-thumbnail","category-europa","tag-benchmarks","tag-eu","tag-europa","tag-europe","tag-forum","tag-geruecht","tag-grafikkarten","tag-informationen","tag-kamera-sensoren","tag-laptop","tag-laptops","tag-leak","tag-leica-kamera","tag-lofic","tag-netbook","tag-netbooks","tag-news","tag-notebook","tag-notebooks","tag-omnivision","tag-prozessoren","tag-smartsens","tag-specs","tag-technische-daten","tag-test","tag-testbericht","tag-testberichte","tag-tests","tag-xiaomi-18-pro","tag-xiaomi-18-pro-max"],"share_on_mastodon":{"url":"https:\/\/pubeurope.com\/@at\/116771405946955308","error":""},"_links":{"self":[{"href":"https:\/\/www.europesays.com\/at\/wp-json\/wp\/v2\/posts\/224276","targetHints":{"allow":["GET"]}}],"collection":[{"href":"https:\/\/www.europesays.com\/at\/wp-json\/wp\/v2\/posts"}],"about":[{"href":"https:\/\/www.europesays.com\/at\/wp-json\/wp\/v2\/types\/post"}],"author":[{"embeddable":true,"href":"https:\/\/www.europesays.com\/at\/wp-json\/wp\/v2\/users\/2"}],"replies":[{"embeddable":true,"href":"https:\/\/www.europesays.com\/at\/wp-json\/wp\/v2\/comments?post=224276"}],"version-history":[{"count":0,"href":"https:\/\/www.europesays.com\/at\/wp-json\/wp\/v2\/posts\/224276\/revisions"}],"wp:featuredmedia":[{"embeddable":true,"href":"https:\/\/www.europesays.com\/at\/wp-json\/wp\/v2\/media\/224277"}],"wp:attachment":[{"href":"https:\/\/www.europesays.com\/at\/wp-json\/wp\/v2\/media?parent=224276"}],"wp:term":[{"taxonomy":"category","embeddable":true,"href":"https:\/\/www.europesays.com\/at\/wp-json\/wp\/v2\/categories?post=224276"},{"taxonomy":"post_tag","embeddable":true,"href":"https:\/\/www.europesays.com\/at\/wp-json\/wp\/v2\/tags?post=224276"}],"curies":[{"name":"wp","href":"https:\/\/api.w.org\/{rel}","templated":true}]}}