{"id":224579,"date":"2026-06-18T16:39:08","date_gmt":"2026-06-18T16:39:08","guid":{"rendered":"https:\/\/www.europesays.com\/at\/224579\/"},"modified":"2026-06-18T16:39:08","modified_gmt":"2026-06-18T16:39:08","slug":"blau-weiss-linz-naechster-abgang-beim-bundesliga-absteiger","status":"publish","type":"post","link":"https:\/\/www.europesays.com\/at\/224579\/","title":{"rendered":"Blau-Wei\u00df Linz: N\u00e4chster Abgang beim Bundesliga-Absteiger"},"content":{"rendered":"<p>Oliver W\u00e4hling verl\u00e4sst den <a href=\"https:\/\/www.laola1.at\/de\/daten\/news\/fussball\/fc-blau-weiss-linz\/\" class=\"tag\" rel=\"nofollow noopener\" target=\"_blank\">FC Blau-Wei\u00df Linz<\/a>.<\/p>\n<p>Der offensive Mittelfeldspieler (26) kehrt dem Bundesliga-Absteiger den R\u00fccken und schlie\u00dft sich mit Vertragsende abl\u00f6sefrei dem SSV Ulm an.<\/p>\n<p>Beim 3. Liga-Absteiger unterschreibt der Deutsch-Brite einen Zweijahresvertrag. In der kommenden Saison spielen die Schwaben in der viertklassigen Regionalliga S\u00fcdwest.<\/p>\n<p>W\u00e4hling war im Sommer 2024 abl\u00f6sefrei vom VfL Osnabr\u00fcck zu den Ober\u00f6sterreichern gewechselt. In der vergangenen Saison machte er zw\u00f6lf Bundesliga-Spiele und drei im \u00d6FB-Cup (ein Tor).<\/p>\n<p>Insgesamt stand er f\u00fcr Blau-Wei\u00df in 24 Pflichtspielen auf dem Rasen.<\/p>\n","protected":false},"excerpt":{"rendered":"Oliver W\u00e4hling verl\u00e4sst den FC Blau-Wei\u00df Linz. Der offensive Mittelfeldspieler (26) kehrt dem Bundesliga-Absteiger den R\u00fccken und schlie\u00dft&hellip;\n","protected":false},"author":2,"featured_media":224580,"comment_status":"","ping_status":"","sticky":false,"template":"","format":"standard","meta":{"footnotes":"","_share_on_mastodon":"0"},"categories":[30],"tags":[1322,46,42,1881,2263,964,184,44,63988,1877],"class_list":["post-224579","post","type-post","status-publish","format-standard","has-post-thumbnail","category-linz","tag-2-liga","tag-at","tag-austria","tag-deutschland-fussball","tag-fc-blau-weiss-linz","tag-fussball","tag-linz","tag-oesterreich","tag-ssv-ulm","tag-transfermarkt"],"share_on_mastodon":{"url":"https:\/\/pubeurope.com\/@at\/116772101393703696","error":""},"_links":{"self":[{"href":"https:\/\/www.europesays.com\/at\/wp-json\/wp\/v2\/posts\/224579","targetHints":{"allow":["GET"]}}],"collection":[{"href":"https:\/\/www.europesays.com\/at\/wp-json\/wp\/v2\/posts"}],"about":[{"href":"https:\/\/www.europesays.com\/at\/wp-json\/wp\/v2\/types\/post"}],"author":[{"embeddable":true,"href":"https:\/\/www.europesays.com\/at\/wp-json\/wp\/v2\/users\/2"}],"replies":[{"embeddable":true,"href":"https:\/\/www.europesays.com\/at\/wp-json\/wp\/v2\/comments?post=224579"}],"version-history":[{"count":0,"href":"https:\/\/www.europesays.com\/at\/wp-json\/wp\/v2\/posts\/224579\/revisions"}],"wp:featuredmedia":[{"embeddable":true,"href":"https:\/\/www.europesays.com\/at\/wp-json\/wp\/v2\/media\/224580"}],"wp:attachment":[{"href":"https:\/\/www.europesays.com\/at\/wp-json\/wp\/v2\/media?parent=224579"}],"wp:term":[{"taxonomy":"category","embeddable":true,"href":"https:\/\/www.europesays.com\/at\/wp-json\/wp\/v2\/categories?post=224579"},{"taxonomy":"post_tag","embeddable":true,"href":"https:\/\/www.europesays.com\/at\/wp-json\/wp\/v2\/tags?post=224579"}],"curies":[{"name":"wp","href":"https:\/\/api.w.org\/{rel}","templated":true}]}}