{"id":225153,"date":"2026-06-18T23:09:51","date_gmt":"2026-06-18T23:09:51","guid":{"rendered":"https:\/\/www.europesays.com\/at\/225153\/"},"modified":"2026-06-18T23:09:51","modified_gmt":"2026-06-18T23:09:51","slug":"staatsbankett-debuet-prinzessin-ariane-feiert-funkelnde-tiara-premiere-kronen-zeitung","status":"publish","type":"post","link":"https:\/\/www.europesays.com\/at\/225153\/","title":{"rendered":"Staatsbankett-Deb\u00fct &#8211; Prinzessin Ariane feiert funkelnde Tiara-Premiere &#8211; Kronen Zeitung"},"content":{"rendered":"<p><a href=\"https:\/\/news.google.com\/rss\/articles\/CBMiQkFVX3lxTE50ZllhOWN4V1RrVTZRVVRUOUZJcHZFMWlqYVZMa3lqdURLOUFNOXAtcC1zdUF5ZEM1S2RqVXBiUDRxZw?oc=5\" target=\"_blank\" rel=\"nofollow noopener\">Staatsbankett-Deb\u00fct &#8211; Prinzessin Ariane feiert funkelnde Tiara-Premiere<\/a>&nbsp;&nbsp;Kronen Zeitung<a href=\"https:\/\/news.google.com\/rss\/articles\/CBMi5gFBVV95cUxOeVJ2elF3bTZNTk1BVjZiR1QxdV9veFJrNWtZdFpXak93VF83a2JhRXJsZFFDUFZVVUVLRVlaQ25McE5tWmE0MkJudzJsTm84SmNwc2szdXRablhUUzE0Q1JTbXpUbUZoOFY2bXJ5b1M3YlgtUVltR3BlOTQ1M2hPNVhCb3dHRWFIcmJwdHlSMjBKMGxiZVUyd3pXQVJtM1NNTjZ4OXJHaDByTlBhRGVYTkxiMTA3QVFURWJ6eGdvRmpOTGlKUnppVEZ1UEZ1MjdRVk5mbEZEZjZYTkx0dnpqQmxDVGphdw?oc=5\" target=\"_blank\" rel=\"nofollow noopener\">Arianes gro\u00dfer Auftritt! F\u00fcr ihr Diadem-Deb\u00fct h\u00e4lt sich Schwester Amalia sichtlich zur\u00fcck<\/a>&nbsp;&nbsp;GALA.de<a href=\"https:\/\/news.google.com\/rss\/articles\/CBMixwFBVV95cUxQYzltYmhQcmlPdFlDRXJSbFAtOHRrbmRiX3VXMUowVTRDWjRreEUtbGxneExqTjFpU09NYU15LXFPTnk0SWt5a3NiUE9GdWtKTWVhbm0yc1pFd18zWC1hU21hMkY5TjU5VUtkdlBkSHhKU1lpVEx4QWJ5TG91VmZ2UzBqd3VRbnhGMjN0NmJZUVhkZVRheTNUMzdnMGpoSk40N05QTG9iTjJYR1ZHaFZScUI5Y0RPa1Uzc05QVjBreHZwSzZmOUU0?oc=5\" target=\"_blank\" rel=\"nofollow noopener\">Erster gro\u00dfer Gala-Auftritt: Prinzessin Ariane gl\u00e4nzt in Feuerrot<\/a>&nbsp;&nbsp;T-Online<a href=\"https:\/\/news.google.com\/rss\/articles\/CBMiuAFBVV95cUxNNHhFZ3FlYXpmQk5VRUg1c1NtQjc0TF94eFpkU194dnYxRThKSDFZTDNPUWFudjJIRjlMdXlyczg5cHNybmVjNFdkbzExQzFISUY0WVJFWTh1V01wd2NBUEJ0eTVSZnd1TEJNVXF5N1hNMkctS0xGcXRHcmpkMTNvM3ZaeDZvUlhjLVA2ekpwYlpyY2c2blQ3dEVDVzNfQjc0NFk4cHJQbERxSWxOcGQybU5WWUhZV3FX?oc=5\" target=\"_blank\" rel=\"nofollow noopener\">Prinzessin Ariane \u2013 die J\u00fcngste war der Star des Staatsbanketts<\/a>&nbsp;&nbsp;STERN.de<a href=\"https:\/\/news.google.com\/rss\/articles\/CBMiwwFBVV95cUxOdlhwR2Q2U0JrTzA4aUVEWjg2emVtNTMxQVZFN29XTXh1eU8xWTd2TThzb21Dc2tqeXE3Smg4LW1ubnR3Z2dsODZoMGtOaUtNSjYwdS1GNk15RUZEUzlqQkM2eUdvTWRPWUIxVnYzNDFIc2drakpmRUV4cFdqTzd5Qk9EMHQ5VGtTY2wzNF9UYjJCR013WFhLQ0loak96SmJZcTNNLUJXMlV6ZzB1OGNqQnhqOEEyaXg5X1ZFWklORC1jekk?oc=5\" target=\"_blank\" rel=\"nofollow noopener\">Prinzessin Ariane: Staatsbankett in den Niederlanden wird zum Diadem-Highlight<\/a>&nbsp;&nbsp;brigitte.de<\/p>\n","protected":false},"excerpt":{"rendered":"Staatsbankett-Deb\u00fct &#8211; Prinzessin Ariane feiert funkelnde Tiara-Premiere&nbsp;&nbsp;Kronen ZeitungArianes gro\u00dfer Auftritt! F\u00fcr ihr Diadem-Deb\u00fct h\u00e4lt sich Schwester Amalia sichtlich&hellip;\n","protected":false},"author":2,"featured_media":225154,"comment_status":"","ping_status":"","sticky":false,"template":"","format":"standard","meta":{"footnotes":"","_share_on_mastodon":"0"},"categories":[22],"tags":[38898,64076,60318,64077,46,42,147,64078,64079,64080,47850,64081,44,148,64082],"class_list":["post-225153","post","type-post","status-publish","format-standard","has-post-thumbnail","category-unterhaltung","tag-amalia","tag-amalias","tag-ariana","tag-ariane","tag-at","tag-austria","tag-entertainment","tag-iris-van-herpen","tag-jan-taminiau","tag-masako","tag-maxima","tag-naruhito","tag-oesterreich","tag-unterhaltung","tag-yasuhito"],"share_on_mastodon":{"url":"https:\/\/pubeurope.com\/@at\/116773638985525295","error":""},"_links":{"self":[{"href":"https:\/\/www.europesays.com\/at\/wp-json\/wp\/v2\/posts\/225153","targetHints":{"allow":["GET"]}}],"collection":[{"href":"https:\/\/www.europesays.com\/at\/wp-json\/wp\/v2\/posts"}],"about":[{"href":"https:\/\/www.europesays.com\/at\/wp-json\/wp\/v2\/types\/post"}],"author":[{"embeddable":true,"href":"https:\/\/www.europesays.com\/at\/wp-json\/wp\/v2\/users\/2"}],"replies":[{"embeddable":true,"href":"https:\/\/www.europesays.com\/at\/wp-json\/wp\/v2\/comments?post=225153"}],"version-history":[{"count":0,"href":"https:\/\/www.europesays.com\/at\/wp-json\/wp\/v2\/posts\/225153\/revisions"}],"wp:featuredmedia":[{"embeddable":true,"href":"https:\/\/www.europesays.com\/at\/wp-json\/wp\/v2\/media\/225154"}],"wp:attachment":[{"href":"https:\/\/www.europesays.com\/at\/wp-json\/wp\/v2\/media?parent=225153"}],"wp:term":[{"taxonomy":"category","embeddable":true,"href":"https:\/\/www.europesays.com\/at\/wp-json\/wp\/v2\/categories?post=225153"},{"taxonomy":"post_tag","embeddable":true,"href":"https:\/\/www.europesays.com\/at\/wp-json\/wp\/v2\/tags?post=225153"}],"curies":[{"name":"wp","href":"https:\/\/api.w.org\/{rel}","templated":true}]}}