{"id":225309,"date":"2026-06-19T01:33:34","date_gmt":"2026-06-19T01:33:34","guid":{"rendered":"https:\/\/www.europesays.com\/at\/225309\/"},"modified":"2026-06-19T01:33:34","modified_gmt":"2026-06-19T01:33:34","slug":"vom-videoanalyst-zum-trainer-sachse-roehl-uebernimmt-rb-salzburg","status":"publish","type":"post","link":"https:\/\/www.europesays.com\/at\/225309\/","title":{"rendered":"Vom Videoanalyst zum Trainer: Sachse R\u00f6hl \u00fcbernimmt RB Salzburg"},"content":{"rendered":"<p>        <img decoding=\"async\" src=\"https:\/\/www.europesays.com\/at\/wp-content\/uploads\/2026\/06\/danny-roehl-red-bull-salzburg-100.webp\" alt=\"Danny R\u00f6hl neuer Trainer bei Red Bull Salzburg\" title=\"Danny R\u00f6hl neuer Trainer bei Red Bull Salzburg | IMAGO \/ GEPA pictures\" class=\"responsive\"\/><\/p>\n<p>AUDIO: Sachse Danny R\u00f6hl \u00fcbernimmt RB Salzburg (1 Min)<\/p>\n<p class=\"topline\">Fu\u00dfball | international<\/p>\n<p>\n                Stand: 17.06.2026 18:05 Uhr<\/p>\n<p class=\"\">Der geb\u00fcrtige Zwickauer Danny R\u00f6hl \u00fcbernimmt Red Bull Salzburg als Cheftrainer. Der 37-J\u00e4hrige wechselt von den Glasgow Rangers zur\u00fcck in den RB-Kosmos und erh\u00e4lt bei den \u00d6sterreichern einen Vertrag bis Sommer 2029. R\u00f6hl blieb nur acht Monate beim schottischen Traditionsverein.<\/p>\n<p>    R\u00f6hl als &#8222;Wunschtrainer&#8220; nach Salzburg<\/p>\n<p class=\"\">Dem Vernehmen nach ist f\u00fcr den Wechsel eine Abl\u00f6sesumme von rund zwei Millionen Euro f\u00e4llig. R\u00f6hl war &#8222;Wunschtrainer der Salzburger&#8220;, so Sport-Gesch\u00e4ftsf\u00fchrer Marcus Mann. R\u00f6hl arbeitete bereits bei Red Bull, als Co-Trainer voni RB Leipzig. &#8222;Ich wei\u00df, welche M\u00f6glichkeiten hier vorhanden sind und welche ambitionierten Ziele verfolgt werden&#8220;, sagte er: &#8222;Genau das hat mich gereizt.&#8220;<\/p>\n<p>                    <a href=\"https:\/\/www.europesays.com\/at\/wp-content\/uploads\/2026\/06\/danny-roehl-red-bull-salzburg-102.webp\" class=\"zoomimage\" title=\"Bild vergr\u00f6\u00dfern\"><\/p>\n<p>        <img decoding=\"async\" src=\"https:\/\/www.europesays.com\/at\/wp-content\/uploads\/2026\/06\/danny-roehl-red-bull-salzburg-102.webp\" alt=\"Trainer Danny R\u00f6hl auf seiner ersten Pressekonferenz bei Red Bull Salzburg\" title=\"Trainer Danny R\u00f6hl auf seiner ersten Pressekonferenz bei Red Bull Salzburg | IMAGO \/  GEPA pictures\" class=\"responsive\" loading=\"lazy\"\/><\/p>\n<p>                    <\/a><\/p>\n<p>                    Trainer Danny R\u00f6hl auf seiner ersten Pressekonferenz bei Red Bull Salzburg<\/p>\n<p>    Schluss mit 20 in Eilenburg<\/p>\n<p class=\"\">Der Sachse musste seine Karriere verletzungsbedingt bereits mit 20 Jahren beim FC Eilenburg beenden. Kurz danach begann er als Leiter Spielanalyse im Nachwuchs von RB Leipzig. 2018 wurde er zum Co-Trainer von Ralph Hasenh\u00fcttl beim Bundesligisten bef\u00f6rdert. Nach dem Aus von Hasenh\u00fcttl musste auch R\u00f6hl gehen. Es folgten Stationen als Assistent von Hansi Flick beim, FC Bayern und der deutschen Nationalelf und als Chefcoach beim englischen Zweitligisten Sheffield Wednesday.<\/p>\n<p>                    <a href=\"https:\/\/www.europesays.com\/at\/wp-content\/uploads\/2026\/06\/danny-roehl-ralf-rangnick-rb-leipzig-100.webp\" class=\"zoomimage\" title=\"Bild vergr\u00f6\u00dfern\"><\/p>\n<p>        <img decoding=\"async\" src=\"https:\/\/www.europesays.com\/at\/wp-content\/uploads\/2026\/06\/danny-roehl-ralf-rangnick-rb-leipzig-100.webp\" alt=\"RB Leipzig 2017: Danny R\u00f6hl (Co-Trainer, Videoanalyst) und Sportdirektor Ralf Rangnick\" title=\"Danny R\u00f6hl 2017 als Videoanalyst bei RB Leipzig, daneben der damalige Sportdirektor Ralf Rangnick (re.) | IMAGO \/ Picture Point LE\" class=\"responsive\" loading=\"lazy\"\/><\/p>\n<p>                    <\/a><\/p>\n<p>                    Danny R\u00f6hl 2017 als Videoanalyst bei RB Leipzig, daneben der damalige Sportdirektor Ralf Rangnick (re.)<\/p>\n<p>    Zuletzt beim Pokal-Finale in Zwickau<\/p>\n<p>                    <a href=\"https:\/\/www.europesays.com\/at\/wp-content\/uploads\/2026\/06\/roehl-104.webp\" class=\"zoomimage\" title=\"Bild vergr\u00f6\u00dfern\"><\/p>\n<p>        <img decoding=\"async\" src=\"https:\/\/www.europesays.com\/at\/wp-content\/uploads\/2026\/06\/roehl-104.webp\" alt=\"Der Zwickauer Danny R\u00f6hl wird Trainer bei RB Leipzig\" title=\"Danny R\u00f6hl beim Sachsenpokal-Finale im Mai in seiner Heimatstadt Zwickau.  |  IMAGO \/ Picture Point\" class=\"responsive\" loading=\"lazy\"\/><\/p>\n<p>                    <\/a><\/p>\n<p>                    Danny R\u00f6hl beim Sachsenpokal-Finale im Mai in seiner Heimatstadt Zwickau. <\/p>\n<p class=\"\">Im vergangenen Sommer war R\u00f6hl auch schon bei RB Leipzig im Gespr\u00e4ch. In einem Interview bei &#8222;11 Freunde&#8220; verriet er, dass er seine Ex-Vereine immer noch intensiv verfolgt. Das Sachsenpokal-Finale des FSV Zwickau gegen Aue (0:2) verfolgte er im Mai live im Stadion.<\/p>\n<p>        <img decoding=\"async\" src=\"https:\/\/www.europesays.com\/at\/wp-content\/uploads\/2026\/06\/fcm-2072.webp\" alt=\"v.l. Tobias M\u00fcller ( 1.FC Magdeburg), Richmond Tachie (1. FC Kaiserslautern) \" title=\"v.l. Tobias M\u00fcller ( 1.FC Magdeburg), Richmond Tachie (1. FC Kaiserslautern)  | IMAGO \/ Jan Huebner\" class=\"responsive\" loading=\"lazy\"\/><\/p>\n<p>Fu\u00dfball | Deadline Day<\/p>\n<p>Der 1. FC Magdeburg hat die Offensive noch einmal neu justiert. Dynamo vermeldet einen weiteren Abgang. Rostock gibt einen geb\u00fcrtigen Dresdner f\u00fcr eine Drittliga-Rekordsumme ab. Und auch Cottbus l\u00e4sst aufhorchen.<\/p>\n<p>        <img decoding=\"async\" src=\"https:\/\/www.europesays.com\/at\/wp-content\/uploads\/2026\/06\/sheffield-wednesday-106.webp\" alt=\"Danny Rohl, Trainer des Fu\u00dfballvereins Sheffield Wednesday\" title=\"Danny Rohl, Trainer des Fu\u00dfballvereins Sheffield Wednesday | IMAGO \/ NurPhoto\" class=\"responsive\" loading=\"lazy\"\/><\/p>\n<p>Fu\u00dfball | England<\/p>\n<p>Das Abenteuer Sheffield Wednesday ist f\u00fcr Trainer Danny R\u00f6hl vorbei. Mit geringsten Mitteln etablierte der geb\u00fcrtige Sachse den krisengesch\u00fcttelten Traditionsklub in den vergangenen 21 Monaten in der 2. englischen Liga.<\/p>\n<p class=\"\">dpa\/sid\/cke<\/p>\n","protected":false},"excerpt":{"rendered":"AUDIO: Sachse Danny R\u00f6hl \u00fcbernimmt RB Salzburg (1 Min) Fu\u00dfball | international Stand: 17.06.2026 18:05 Uhr Der geb\u00fcrtige&hellip;\n","protected":false},"author":2,"featured_media":225310,"comment_status":"","ping_status":"","sticky":false,"template":"","format":"standard","meta":{"footnotes":"","_share_on_mastodon":"0"},"categories":[31],"tags":[46,42,61128,64105,64104,964,22208,44,1064,5594,1065,307,192,109,13530,64106],"class_list":["post-225309","post","type-post","status-publish","format-standard","has-post-thumbnail","category-salzburg","tag-at","tag-austria","tag-danny-roehl","tag-fc-eilenburg","tag-fsv-zwickau","tag-fussball","tag-glasgow-rangers","tag-oesterreich","tag-rb-salzburg","tag-rbs","tag-red-bull-salzburg","tag-red-bull","tag-salzburg","tag-sport","tag-wechsel","tag-westsachsen"],"share_on_mastodon":{"url":"https:\/\/pubeurope.com\/@at\/116774201458943306","error":""},"_links":{"self":[{"href":"https:\/\/www.europesays.com\/at\/wp-json\/wp\/v2\/posts\/225309","targetHints":{"allow":["GET"]}}],"collection":[{"href":"https:\/\/www.europesays.com\/at\/wp-json\/wp\/v2\/posts"}],"about":[{"href":"https:\/\/www.europesays.com\/at\/wp-json\/wp\/v2\/types\/post"}],"author":[{"embeddable":true,"href":"https:\/\/www.europesays.com\/at\/wp-json\/wp\/v2\/users\/2"}],"replies":[{"embeddable":true,"href":"https:\/\/www.europesays.com\/at\/wp-json\/wp\/v2\/comments?post=225309"}],"version-history":[{"count":0,"href":"https:\/\/www.europesays.com\/at\/wp-json\/wp\/v2\/posts\/225309\/revisions"}],"wp:featuredmedia":[{"embeddable":true,"href":"https:\/\/www.europesays.com\/at\/wp-json\/wp\/v2\/media\/225310"}],"wp:attachment":[{"href":"https:\/\/www.europesays.com\/at\/wp-json\/wp\/v2\/media?parent=225309"}],"wp:term":[{"taxonomy":"category","embeddable":true,"href":"https:\/\/www.europesays.com\/at\/wp-json\/wp\/v2\/categories?post=225309"},{"taxonomy":"post_tag","embeddable":true,"href":"https:\/\/www.europesays.com\/at\/wp-json\/wp\/v2\/tags?post=225309"}],"curies":[{"name":"wp","href":"https:\/\/api.w.org\/{rel}","templated":true}]}}