{"id":225457,"date":"2026-06-19T03:52:17","date_gmt":"2026-06-19T03:52:17","guid":{"rendered":"https:\/\/www.europesays.com\/at\/225457\/"},"modified":"2026-06-19T03:52:17","modified_gmt":"2026-06-19T03:52:17","slug":"fotowettbewerb-kitzingen-praesentiert-emotionale-siegerfotos-2026","status":"publish","type":"post","link":"https:\/\/www.europesays.com\/at\/225457\/","title":{"rendered":"Fotowettbewerb Kitzingen pr\u00e4sentiert emotionale Siegerfotos 2026"},"content":{"rendered":"<p class=\"mb-6 text-xs-varying md:text-m lg:text-l font-serif group-[.font-sans]:font-sans \">\n    Emotionen wecken, eigene Erinnerungen aufleben lassen, die Betrachter ber\u00fchren: All das k\u00f6nnen gute Fotografen. Bei der Preis\u00fcbergabe des diesj\u00e4hrigen Fotowettbewerbs der Stadt <a href=\"https:\/\/www.mainpost.de\/kitzingen\/ort\/kitzingen\" target=\"_self\" class=\"underline \" rel=\"nofollow noopener\">Kitzingen<\/a> wurde das ersichtlich.\n  <\/p>\n<p class=\"mb-6 text-xs-varying md:text-m lg:text-l font-serif group-[.font-sans]:font-sans \">\n    Oberb\u00fcrgermeister Enis Tiz betonte, dass Fotografieren eine Kunst sei. Gute Bilder w\u00fcrden eine Geschichte erz\u00e4hlen, bestenfalls sogar eine neue Perspektive und eine neue Welt erschlie\u00dfen. \u201eIhre Bilder machen etwas sichtbar, was andere Menschen zun\u00e4chst einmal nicht sehen\u201c, wandte er sich laut Pressemitteilung an die Preistr\u00e4ger.\n  <\/p>\n<p class=\"mb-6 text-xs-varying md:text-m lg:text-l font-serif group-[.font-sans]:font-sans \">\n    Parallel zur World-Press-Photo-Ausstellung ruft die Stadt Hobbyfotografen zu einem Wettbewerb auf. Anl\u00e4sslich der 20. Ausstellung im Fr\u00fchjahr lautete das Thema \u201e20!\u201c Ein abstraktes und durchaus herausforderndes Thema, wie Laudator und Jury-Mitglied Frank Freihofer meinte. Tats\u00e4chlich lag die Zahl der Einsendungen in diesem Jahr bei rund 80 \u2013 und damit unter dem Schnitt der vergangenen Jahre.\n  <\/p>\n<p>            Auf den Spuren des Vaters<\/p>\n<p class=\"mb-6 text-xs-varying md:text-m lg:text-l font-serif group-[.font-sans]:font-sans \">\n    Daf\u00fcr hatten sich die Teilnehmer eine Menge Gedanken gemacht, um das Thema bestm\u00f6glich als Bild umzusetzen. Am besten gelang das nach Ansicht der Jury Ad van Wagensveld aus Karbach. Einige Stunden habe er mit seiner Frau in die Aufnahme \u201eMeine Liebe mit 20\u201c gesteckt, verriet der Mann, der auch 2025 den ersten Platz belegte. Entstanden ist ein \u201eemotional sehr ber\u00fchrendes\u201c Foto, wie Freihofer meinte.\n  <\/p>\n<p class=\"mb-6 text-xs-varying md:text-m lg:text-l font-serif group-[.font-sans]:font-sans \">\n    Eine spannende Geschichte steckt auch hinter dem Foto des Zweitplatzierten, Andr\u00e9 Knudsen.  Der W\u00fcrzburger hat sich auf die Spuren seines Vaters auf die Nordseeinsel Pellworm begeben. Tagelang hat er dort Erinnerungsst\u00fccke wie \u201eOmas Topf\u201c fotografiert und dabei auch seine eigene Vergangenheit noch einmal durchlebt, wie er bei der Preis\u00fcbergabe berichtete. (jul)\n  <\/p>\n<p class=\"mb-6 text-xs-varying md:text-m lg:text-l font-serif group-[.font-sans]:font-sans \">\n    Die Gewinner: Ad van Wagensveld; 2. Platz: Andr\u00e9 Knudsen; 3. Platz: Robert Zimmer; 4. Platz: Eddi Kieser; 5. Platz: Ad van Wagensveld; 6. Platz: Ehrenfried Sch\u00fcller; 7. Platz: Matthias Ernst; 8. Platz Robert Zimmer; 9. Platz: Edwin Fuchs; 10. Platz: Ekkehard R\u00f6mmelt.\n  <\/p>\n","protected":false},"excerpt":{"rendered":"Emotionen wecken, eigene Erinnerungen aufleben lassen, die Betrachter ber\u00fchren: All das k\u00f6nnen gute Fotografen. Bei der Preis\u00fcbergabe des&hellip;\n","protected":false},"author":2,"featured_media":225458,"comment_status":"","ping_status":"","sticky":false,"template":"","format":"standard","meta":{"footnotes":"","_share_on_mastodon":"0"},"categories":[26],"tags":[64139,158,157,46,42,159,29374,64138,147,931,64136,28961,64135,161,160,44,64140,64137,64141,148],"class_list":["post-225457","post","type-post","status-publish","format-standard","has-post-thumbnail","category-kunst-und-design","tag-andre-knudsen","tag-art","tag-art-and-design","tag-at","tag-austria","tag-design","tag-einreichung","tag-enis-tiz","tag-entertainment","tag-fotowettbewerb","tag-frank-freihofer","tag-karbach","tag-kitzingen","tag-kunst","tag-kunst-und-design","tag-oesterreich","tag-pellworm","tag-preisuebergabe","tag-robert-zimmer","tag-unterhaltung"],"share_on_mastodon":{"url":"https:\/\/pubeurope.com\/@at\/116774747999904650","error":""},"_links":{"self":[{"href":"https:\/\/www.europesays.com\/at\/wp-json\/wp\/v2\/posts\/225457","targetHints":{"allow":["GET"]}}],"collection":[{"href":"https:\/\/www.europesays.com\/at\/wp-json\/wp\/v2\/posts"}],"about":[{"href":"https:\/\/www.europesays.com\/at\/wp-json\/wp\/v2\/types\/post"}],"author":[{"embeddable":true,"href":"https:\/\/www.europesays.com\/at\/wp-json\/wp\/v2\/users\/2"}],"replies":[{"embeddable":true,"href":"https:\/\/www.europesays.com\/at\/wp-json\/wp\/v2\/comments?post=225457"}],"version-history":[{"count":0,"href":"https:\/\/www.europesays.com\/at\/wp-json\/wp\/v2\/posts\/225457\/revisions"}],"wp:featuredmedia":[{"embeddable":true,"href":"https:\/\/www.europesays.com\/at\/wp-json\/wp\/v2\/media\/225458"}],"wp:attachment":[{"href":"https:\/\/www.europesays.com\/at\/wp-json\/wp\/v2\/media?parent=225457"}],"wp:term":[{"taxonomy":"category","embeddable":true,"href":"https:\/\/www.europesays.com\/at\/wp-json\/wp\/v2\/categories?post=225457"},{"taxonomy":"post_tag","embeddable":true,"href":"https:\/\/www.europesays.com\/at\/wp-json\/wp\/v2\/tags?post=225457"}],"curies":[{"name":"wp","href":"https:\/\/api.w.org\/{rel}","templated":true}]}}