{"id":22590,"date":"2026-03-03T05:27:28","date_gmt":"2026-03-03T05:27:28","guid":{"rendered":"https:\/\/www.europesays.com\/at\/22590\/"},"modified":"2026-03-03T05:27:28","modified_gmt":"2026-03-03T05:27:28","slug":"vier-punkte-rueckstand-real-patzt-gegen-getafe","status":"publish","type":"post","link":"https:\/\/www.europesays.com\/at\/22590\/","title":{"rendered":"Vier Punkte R\u00fcckstand: Real patzt gegen Getafe"},"content":{"rendered":"<p> <img decoding=\"async\" src=\"https:\/\/www.europesays.com\/at\/wp-content\/uploads\/2026\/03\/f8dcd4853dc8745c009faa779eb41712611d7fb8.jpg\" alt=\"\"\/><br \/>\nReal Madrid hat sich ohne den verletzten Superstar Kylian Mbapp\u00e9 im engen Meisterrennen der spanischen La Liga einen weiteren dicken Patzer geleistet. Die K\u00f6niglichen verloren im Bernabeu das &#8222;kleine&#8220; Stadtderby gegen den FC Getafe \u00fcberraschend mit 0:1 (0:1) und m\u00fcssen den Erzrivalen FC Barcelona auf vier Punkte davonziehen lassen. Erst in der Vorwoche hatte das Team von \u00c1lvaro Arbeloa durch ein 1:2 gegen Osasuna den Spitzenplatz an die Katalanen abgeben m\u00fcssen.<\/p>\n<p><img decoding=\"async\" src=\"https:\/\/www.europesays.com\/at\/wp-content\/uploads\/2026\/03\/1c0108b1098ad29c11d8c4e061fe2b8e9a444ff8.jpg\" alt=\"R\u00fcdiger (r.) muss einen R\u00fcckschlag verkraften (Foto: IMAGO\/PsnewZ\/IMAGO\/PsnewZ\/SID\/Ropero)\"\/><\/p>\n<p>R\u00fcdiger (r.) muss einen R\u00fcckschlag verkraften<\/p>\n<p>Foto: IMAGO\/PsnewZ\/IMAGO\/PsnewZ\/SID\/Ropero<\/p>\n<p>Mart\u00edn Satriano (39.) schockte Real mit einer traumhaften Volleyabnahme aus 17 Metern. Bis dahin hatten nur die K\u00f6niglichen gespielt und durch Vinicius Junior (13.) und Arda G\u00fcler (24.) beste Gelegenheiten ausgelassen. In Durchgang zwei kam der Tabellenzweite gegen das Mittelfeld-Team aus der Kleinstadt vor den Toren Madrids kaum gef\u00e4hrlich durch. In der Schlussoffensive k\u00f6pfte Nationalspieler Antonio R\u00fcdiger nach einem Eckball knapp vorbei (75.), auch Rodrygo fehlten nur Zentimeter (79.). In der Nachspielzeit sah Franco Mastantuono (90.+5) noch die Rote Karte, dann musste auch Getafe-Profi Liso (90.+7) mit Gelb-Rot vom Platz.<\/p>\n<p>Mbapp\u00e9 war am Montag in seiner Heimat Frankreich gewesen, um sich weiteren Untersuchungen an seinem seit l\u00e4ngerer Zeit Probleme machenden Knie zu unterziehen. Vorerst sei keine Operation geplant, die Verletzung, die Real als &#8222;Knieverstauchung&#8220; betitelte, solle konservativ behandelt werden. Ob der 27 Jahre alte Mbapp\u00e9 f\u00fcr Real im Achtelfinale der K\u00f6nigsklasse gegen Manchester City (11. und 17. M\u00e4rz) auflaufen kann, ist unklar.<\/p>\n<p class=\"text-secondary\">\u00a9 2026 SID<\/p>\n","protected":false},"excerpt":{"rendered":"Real Madrid hat sich ohne den verletzten Superstar Kylian Mbapp\u00e9 im engen Meisterrennen der spanischen La Liga einen&hellip;\n","protected":false},"author":2,"featured_media":22591,"comment_status":"","ping_status":"","sticky":false,"template":"","format":"standard","meta":{"footnotes":"","_share_on_mastodon":"0"},"categories":[18],"tags":[46,42,11587,7553,4898,44,4329,109,108],"class_list":["post-22590","post","type-post","status-publish","format-standard","has-post-thumbnail","category-sport","tag-at","tag-austria","tag-getafe","tag-kylian-mbappe","tag-la-liga","tag-oesterreich","tag-real-madrid","tag-sport","tag-sports"],"share_on_mastodon":{"url":"","error":""},"_links":{"self":[{"href":"https:\/\/www.europesays.com\/at\/wp-json\/wp\/v2\/posts\/22590","targetHints":{"allow":["GET"]}}],"collection":[{"href":"https:\/\/www.europesays.com\/at\/wp-json\/wp\/v2\/posts"}],"about":[{"href":"https:\/\/www.europesays.com\/at\/wp-json\/wp\/v2\/types\/post"}],"author":[{"embeddable":true,"href":"https:\/\/www.europesays.com\/at\/wp-json\/wp\/v2\/users\/2"}],"replies":[{"embeddable":true,"href":"https:\/\/www.europesays.com\/at\/wp-json\/wp\/v2\/comments?post=22590"}],"version-history":[{"count":0,"href":"https:\/\/www.europesays.com\/at\/wp-json\/wp\/v2\/posts\/22590\/revisions"}],"wp:featuredmedia":[{"embeddable":true,"href":"https:\/\/www.europesays.com\/at\/wp-json\/wp\/v2\/media\/22591"}],"wp:attachment":[{"href":"https:\/\/www.europesays.com\/at\/wp-json\/wp\/v2\/media?parent=22590"}],"wp:term":[{"taxonomy":"category","embeddable":true,"href":"https:\/\/www.europesays.com\/at\/wp-json\/wp\/v2\/categories?post=22590"},{"taxonomy":"post_tag","embeddable":true,"href":"https:\/\/www.europesays.com\/at\/wp-json\/wp\/v2\/tags?post=22590"}],"curies":[{"name":"wp","href":"https:\/\/api.w.org\/{rel}","templated":true}]}}