{"id":228855,"date":"2026-06-20T23:22:10","date_gmt":"2026-06-20T23:22:10","guid":{"rendered":"https:\/\/www.europesays.com\/at\/228855\/"},"modified":"2026-06-20T23:22:10","modified_gmt":"2026-06-20T23:22:10","slug":"posch-erstmals-mit-maske-oefb-team-trainiert-vollzaehlig","status":"publish","type":"post","link":"https:\/\/www.europesays.com\/at\/228855\/","title":{"rendered":"Posch erstmals mit Maske: \u00d6FB-Team trainiert vollz\u00e4hlig"},"content":{"rendered":"<p>\u00d6sterreichs Fu\u00dfball-Nationalmannschaft hat das Samstag-Training in Santa Barbara vollz\u00e4hlig absolviert.<\/p>\n<p>Stefan Posch, der zum WM-Auftakt gegen Jordanien einen Kieferbruch erlitten hatte, spulte die Einheit mit einer eigens angefertigten Spezialmaske ab. Das Training begann um 9.30 Uhr Ortszeit \u2013 das WM-Spiel am Montag im Dallas Stadium gegen Argentinien wird nach kalifornischer Zeit eine halbe Stunde sp\u00e4ter (12.00 Uhr Ortszeit) angepfiffen.<\/p>\n<p>Die \u00d6FB-Auswahl fliegt noch am Samstag nach Dallas, wo am Sonntag das Abschlusstraining steigt.<\/p>\n","protected":false},"excerpt":{"rendered":"\u00d6sterreichs Fu\u00dfball-Nationalmannschaft hat das Samstag-Training in Santa Barbara vollz\u00e4hlig absolviert. Stefan Posch, der zum WM-Auftakt gegen Jordanien einen&hellip;\n","protected":false},"author":2,"featured_media":228856,"comment_status":"","ping_status":"","sticky":false,"template":"","format":"standard","meta":{"footnotes":"","_share_on_mastodon":"0"},"categories":[18],"tags":[46,42,64882,7516,44,109,108,57751,10743],"class_list":["post-228855","post","type-post","status-publish","format-standard","has-post-thumbnail","category-sport","tag-at","tag-austria","tag-maske","tag-oefb-team","tag-oesterreich","tag-sport","tag-sports","tag-stefan-posch","tag-wm-2026"],"share_on_mastodon":{"url":"https:\/\/pubeurope.com\/@at\/116785010760218843","error":""},"_links":{"self":[{"href":"https:\/\/www.europesays.com\/at\/wp-json\/wp\/v2\/posts\/228855","targetHints":{"allow":["GET"]}}],"collection":[{"href":"https:\/\/www.europesays.com\/at\/wp-json\/wp\/v2\/posts"}],"about":[{"href":"https:\/\/www.europesays.com\/at\/wp-json\/wp\/v2\/types\/post"}],"author":[{"embeddable":true,"href":"https:\/\/www.europesays.com\/at\/wp-json\/wp\/v2\/users\/2"}],"replies":[{"embeddable":true,"href":"https:\/\/www.europesays.com\/at\/wp-json\/wp\/v2\/comments?post=228855"}],"version-history":[{"count":0,"href":"https:\/\/www.europesays.com\/at\/wp-json\/wp\/v2\/posts\/228855\/revisions"}],"wp:featuredmedia":[{"embeddable":true,"href":"https:\/\/www.europesays.com\/at\/wp-json\/wp\/v2\/media\/228856"}],"wp:attachment":[{"href":"https:\/\/www.europesays.com\/at\/wp-json\/wp\/v2\/media?parent=228855"}],"wp:term":[{"taxonomy":"category","embeddable":true,"href":"https:\/\/www.europesays.com\/at\/wp-json\/wp\/v2\/categories?post=228855"},{"taxonomy":"post_tag","embeddable":true,"href":"https:\/\/www.europesays.com\/at\/wp-json\/wp\/v2\/tags?post=228855"}],"curies":[{"name":"wp","href":"https:\/\/api.w.org\/{rel}","templated":true}]}}