{"id":229273,"date":"2026-06-21T07:01:07","date_gmt":"2026-06-21T07:01:07","guid":{"rendered":"https:\/\/www.europesays.com\/at\/229273\/"},"modified":"2026-06-21T07:01:07","modified_gmt":"2026-06-21T07:01:07","slug":"infrastruktur-weststrecke-ausbau-linz-wels-peri-liefert-sichtbeton-schalung-fuer-zehn-bauwerke","status":"publish","type":"post","link":"https:\/\/www.europesays.com\/at\/229273\/","title":{"rendered":"Infrastruktur: Weststrecke-Ausbau Linz\u2013Wels: Peri liefert Sichtbeton-Schalung f\u00fcr zehn Bauwerke"},"content":{"rendered":"<p>Das Projekt zeigt eine Verschiebung, die sich in der Schalungsbranche seit Jahren abzeichnet. Anbieter wie Peri sind im Infrastrukturbau zunehmend nicht mehr nur Materiallieferanten, sondern werden zu Engineering- und Abwicklungspartnern, die mit eigenen Statikern, Logistikern und Projektkoordinatoren in den Bauablauf des Auftragnehmers eingebunden sind.<\/p>\n<p>\u201ePeri hat sich in den vergangenen Jahren zunehmend vom reinen Materiallieferanten zum kompetenten Komplettanbieter entwickelt. Neben der Bereitstellung von Schalungs- und Ger\u00fcstsystemen spielen heute insbesondere unsere Dienstleistungen eine zentrale Rolle, von der technischen Bearbeitung \u00fcber statische L\u00f6sungen und Montageleistungen bis zur Betreuung durch unsere Richtmeister direkt vor Ort. Gerade bei komplexen Infrastrukturprojekten zeigt sich, wie wichtig diese ganzheitliche Unterst\u00fctzung ist. Es geht l\u00e4ngst nicht mehr nur um Material, sondern um partnerschaftliche Projektbegleitung \u00fcber den gesamten Bauablauf hinweg.&#8220; \u2014 Peter Radel, Gesch\u00e4ftsf\u00fchrer Peri \u00d6sterreich<\/p>\n<p>F\u00fcr Linz-Wels BL 1.2 ist das die wirtschaftlich rationale Konstellation. Hochtief und Hasen\u00f6hrl bauen, Peri liefert das, was daf\u00fcr im Untergrund und am Bauteil sichtbar wird, von der ersten statischen Berechnung bis zur Beratung beim Sichtbetondetail. Die Qualit\u00e4t des fertigen Bauwerks entsteht nicht erst beim Betonieren, sondern lange davor, in der gemeinsamen Planung des Schalungsbilds.<\/p>\n<p>Wenn 2030 die ersten viergleisigen Z\u00fcge durchfahren, werden die Reisenden von alldem nichts sehen. Sie werden Bauwerke passieren, deren Oberfl\u00e4chen einheitlich aussehen, deren Fugen sauber sind und deren Ankerstellen in einem regelm\u00e4\u00dfigen Raster sitzen. Genau das ist im Bahninfrastrukturbau die schwerste Disziplin: unsichtbar zu sein und trotzdem konsistent.<\/p>\n","protected":false},"excerpt":{"rendered":"Das Projekt zeigt eine Verschiebung, die sich in der Schalungsbranche seit Jahren abzeichnet. Anbieter wie Peri sind im&hellip;\n","protected":false},"author":2,"featured_media":229274,"comment_status":"","ping_status":"","sticky":false,"template":"","format":"standard","meta":{"footnotes":"","_share_on_mastodon":"0"},"categories":[30],"tags":[46,42,12480,6300,12477,12476,6546,12485,12478,5700,12484,184,12483,44,12482,12479,12481],"class_list":["post-229273","post","type-post","status-publish","format-standard","has-post-thumbnail","category-linz","tag-at","tag-austria","tag-baurecht","tag-baustoffe","tag-bautechnik","tag-bauwirtschaft","tag-bim","tag-fassaden","tag-hochbau","tag-immobilien","tag-leichtbau","tag-linz","tag-massivbau","tag-oesterreich","tag-schalung","tag-tiefbau","tag-vergaberecht"],"share_on_mastodon":{"url":"https:\/\/pubeurope.com\/@at\/116786815602407070","error":""},"_links":{"self":[{"href":"https:\/\/www.europesays.com\/at\/wp-json\/wp\/v2\/posts\/229273","targetHints":{"allow":["GET"]}}],"collection":[{"href":"https:\/\/www.europesays.com\/at\/wp-json\/wp\/v2\/posts"}],"about":[{"href":"https:\/\/www.europesays.com\/at\/wp-json\/wp\/v2\/types\/post"}],"author":[{"embeddable":true,"href":"https:\/\/www.europesays.com\/at\/wp-json\/wp\/v2\/users\/2"}],"replies":[{"embeddable":true,"href":"https:\/\/www.europesays.com\/at\/wp-json\/wp\/v2\/comments?post=229273"}],"version-history":[{"count":0,"href":"https:\/\/www.europesays.com\/at\/wp-json\/wp\/v2\/posts\/229273\/revisions"}],"wp:featuredmedia":[{"embeddable":true,"href":"https:\/\/www.europesays.com\/at\/wp-json\/wp\/v2\/media\/229274"}],"wp:attachment":[{"href":"https:\/\/www.europesays.com\/at\/wp-json\/wp\/v2\/media?parent=229273"}],"wp:term":[{"taxonomy":"category","embeddable":true,"href":"https:\/\/www.europesays.com\/at\/wp-json\/wp\/v2\/categories?post=229273"},{"taxonomy":"post_tag","embeddable":true,"href":"https:\/\/www.europesays.com\/at\/wp-json\/wp\/v2\/tags?post=229273"}],"curies":[{"name":"wp","href":"https:\/\/api.w.org\/{rel}","templated":true}]}}