{"id":230520,"date":"2026-06-22T00:11:12","date_gmt":"2026-06-22T00:11:12","guid":{"rendered":"https:\/\/www.europesays.com\/at\/230520\/"},"modified":"2026-06-22T00:11:12","modified_gmt":"2026-06-22T00:11:12","slug":"nach-nur-80-minuten-trump-droht-wieder-iraner-verlassen-verhandlungen","status":"publish","type":"post","link":"https:\/\/www.europesays.com\/at\/230520\/","title":{"rendered":"Nach nur 80 Minuten &#8211; Trump droht wieder, Iraner verlassen Verhandlungen"},"content":{"rendered":"<p>Atomwaffen: Teheran signalisiert schriftliche Garantie<br \/>Pezeshkian signalisierte den USA am Sonntag, dass der Iran seinen Verzicht auf Atomwaffen auch schriftlich garantieren k\u00f6nnte. \u201eFalls notwendig, k\u00f6nnen wir schriftlich festhalten, dass wir nicht beabsichtigen, eine Atombombe zu bauen\u201c, sagte er. Ob eine solche Zusicherung Teil der laufenden Gespr\u00e4che mit den USA in der Schweiz sein wird, lie\u00df er offen. Pezeshkian verwies erneut darauf, dass bereits der fr\u00fchere oberste F\u00fchrer Ali Khamenei aus religi\u00f6sen Gr\u00fcnden die Entwicklung von Massenvernichtungswaffen abgelehnt habe. Die politische F\u00fchrung der Islamischen Republik beteuert stets, sie strebe nicht nach Atomwaffen.<\/p>\n","protected":false},"excerpt":{"rendered":"Atomwaffen: Teheran signalisiert schriftliche GarantiePezeshkian signalisierte den USA am Sonntag, dass der Iran seinen Verzicht auf Atomwaffen auch&hellip;\n","protected":false},"author":2,"featured_media":230521,"comment_status":"","ping_status":"","sticky":false,"template":"","format":"standard","meta":{"footnotes":"","_share_on_mastodon":"0"},"categories":[8],"tags":[7098,8468,575,65306,5947,1010,1011,5604,36044,750,6399,33755,10897,10733,35574,40,1019,41,36530,39,829,858,6398,1787,38,576,577,439,33914,63703],"class_list":["post-230520","post","type-post","status-publish","format-standard","has-post-thumbnail","category-nachrichten","tag-ali-khamenei","tag-amerikanischen","tag-donald-trump","tag-ghalibaf","tag-hisbollah","tag-iran","tag-iranische","tag-iranischen","tag-islamischen-republik","tag-israel","tag-jared-kushner","tag-jd-vance","tag-libanon","tag-massud-pezeshkian","tag-mohammad-bagher-ghalibaf","tag-nachrichten","tag-nahen-osten","tag-news","tag-pezeshkian","tag-schlagzeilen","tag-schweiz","tag-schweizer","tag-steve-witkoff","tag-teheran","tag-top-meldungen","tag-trump","tag-trumps","tag-usa","tag-vance","tag-versailles"],"share_on_mastodon":{"url":"https:\/\/pubeurope.com\/@at\/116790865732187636","error":""},"_links":{"self":[{"href":"https:\/\/www.europesays.com\/at\/wp-json\/wp\/v2\/posts\/230520","targetHints":{"allow":["GET"]}}],"collection":[{"href":"https:\/\/www.europesays.com\/at\/wp-json\/wp\/v2\/posts"}],"about":[{"href":"https:\/\/www.europesays.com\/at\/wp-json\/wp\/v2\/types\/post"}],"author":[{"embeddable":true,"href":"https:\/\/www.europesays.com\/at\/wp-json\/wp\/v2\/users\/2"}],"replies":[{"embeddable":true,"href":"https:\/\/www.europesays.com\/at\/wp-json\/wp\/v2\/comments?post=230520"}],"version-history":[{"count":0,"href":"https:\/\/www.europesays.com\/at\/wp-json\/wp\/v2\/posts\/230520\/revisions"}],"wp:featuredmedia":[{"embeddable":true,"href":"https:\/\/www.europesays.com\/at\/wp-json\/wp\/v2\/media\/230521"}],"wp:attachment":[{"href":"https:\/\/www.europesays.com\/at\/wp-json\/wp\/v2\/media?parent=230520"}],"wp:term":[{"taxonomy":"category","embeddable":true,"href":"https:\/\/www.europesays.com\/at\/wp-json\/wp\/v2\/categories?post=230520"},{"taxonomy":"post_tag","embeddable":true,"href":"https:\/\/www.europesays.com\/at\/wp-json\/wp\/v2\/tags?post=230520"}],"curies":[{"name":"wp","href":"https:\/\/api.w.org\/{rel}","templated":true}]}}