{"id":232481,"date":"2026-06-23T00:13:36","date_gmt":"2026-06-23T00:13:36","guid":{"rendered":"https:\/\/www.europesays.com\/at\/232481\/"},"modified":"2026-06-23T00:13:36","modified_gmt":"2026-06-23T00:13:36","slug":"volvo-uebernimmt-sky-corridor-am-flughafen-wien-markenpraesenz-auf-300-quadratmetern","status":"publish","type":"post","link":"https:\/\/www.europesays.com\/at\/232481\/","title":{"rendered":"Volvo \u00fcbernimmt Sky Corridor am Flughafen Wien: Markenpr\u00e4senz auf 300 Quadratmetern"},"content":{"rendered":"<p>Volvo Car Austria hat die Werbefl\u00e4che \u201eSky Corridor&#8220; am Flughafen Wien f\u00fcr ein Jahr gebucht. Auf rund 300 Quadratmetern im Transitbereich des Terminals pr\u00e4sentiert das Unternehmen seine Modellpalette, eingebettet in Motive skandinavischer Landschaft, und kommuniziert Markenwerte wie Sicherheit, Design und Elektromobilit\u00e4t.<\/p>\n<p>Volvo-Markenwelt im Transitbereich<\/p>\n<p>Der Sky Corridor befindet sich im Transitbereich des Flughafenterminals. Volvo Car Austria richtet sich mit dem Auftritt an Reisende, Gesch\u00e4ftsleute sowie Entscheidungstr\u00e4gerinnen und Entscheidungstr\u00e4ger, die den Bereich t\u00e4glich passieren.<\/p>\n<p>Magdalena Ebmer, Head of Volvo Car Austria &amp; Commercial Director, begr\u00fcndet die Standortwahl: \u201eDer Flughafen Wien ist einer der sichtbarsten Mobilit\u00e4tsorte \u00d6sterreichs und damit ein idealer Standort, um Volvo als moderne, progressive Premium-Marke erlebbar zu machen. Mit dem Branding des Sky Corridor schaffen wir \u00fcber ein ganzes Jahr hinweg starke Pr\u00e4senz bei einer Zielgruppe, die Mobilit\u00e4t, Qualit\u00e4t und Innovation besonders bewusst wahrnimmt.&#8220;<\/p>\n<p>Johannes Schroll, Head of Consumer Experience, Marketing und PR bei Volvo Car Austria, hebt den strategischen Aspekt der Kampagne hervor: \u201eVolvo ist eine etablierte Automobilmarke mit klar definierten Werten wie Sicherheit und Nachhaltigkeit sowie einem strategischen Bekenntnis zur Elektromobilit\u00e4t. Gerade deshalb ist der Sky Corridor f\u00fcr uns eine ideale Plattform, um unsere Markenbekanntheit weiter zu st\u00e4rken und gleichzeitig unser umfassendes Modellportfolio im Kontext unserer schwedischen Herkunft eindrucksvoll zu inszenieren.&#8220;<\/p>\n<p>Flughafen Wien: 100.000 Passagiere t\u00e4glich<\/p>\n<p>G\u00fcnther Ofner, Vorstand der Flughafen Wien AG, verweist auf die Reichweite des Standorts: rund 100.000 Passagiere t\u00e4glich und etwa 40 Millionen Werbekontakte pro Jahr. Der Flughafen sei damit einer der reichweitenst\u00e4rksten Kommunikationsstandorte \u00d6sterreichs und biete internationalen Marken Zugang zu einem \u201ekaufkr\u00e4ftigen, mobilen und globalen Publikum&#8220;.<\/p>\n<p>Volvo Car Austria sch\u00e4tzt, mit dem Sky Corridor \u00fcber die Laufzeit von zw\u00f6lf Monaten 24 Millionen Sichtkontakte zu erzielen.<\/p>\n<p>Digitale Au\u00dfenwerbung im Premiumumfeld<\/p>\n<p>Beatrice Cox-Riesenfelder, Leiterin Airport Media der Flughafen Wien AG, verweist auf die Aufmerksamkeit von Reisenden als wesentlichen Faktor: \u201eFlughafenwerbung erreicht Menschen in einem besonderen Moment: auf Reisen, in Bewegung und mit hoher Aufmerksamkeit f\u00fcr neue Eindr\u00fccke.&#8220; Neben klassischen Gro\u00dffl\u00e4chen setzt die Kampagne auf digitale Screens und DOOH-Konzepte (Digital Out-of-Home).<\/p>\n<p>F\u00fcr die Konzeption und Umsetzung zeichnen neben Volvo Car Austria und Airport Media der Flughafen Wien AG die Mediaagentur Initiative sowie die Kreativagentur Havas verantwortlich.<\/p>\n","protected":false},"excerpt":{"rendered":"Volvo Car Austria hat die Werbefl\u00e4che \u201eSky Corridor&#8220; am Flughafen Wien f\u00fcr ein Jahr gebucht. Auf rund 300&hellip;\n","protected":false},"author":2,"featured_media":232482,"comment_status":"","ping_status":"","sticky":false,"template":"","format":"standard","meta":{"footnotes":"","_share_on_mastodon":"0"},"categories":[28],"tags":[46,42,44,181,182],"class_list":["post-232481","post","type-post","status-publish","format-standard","has-post-thumbnail","category-wien","tag-at","tag-austria","tag-oesterreich","tag-vienna","tag-wien"],"share_on_mastodon":{"url":"https:\/\/pubeurope.com\/@at\/116796535947394823","error":""},"_links":{"self":[{"href":"https:\/\/www.europesays.com\/at\/wp-json\/wp\/v2\/posts\/232481","targetHints":{"allow":["GET"]}}],"collection":[{"href":"https:\/\/www.europesays.com\/at\/wp-json\/wp\/v2\/posts"}],"about":[{"href":"https:\/\/www.europesays.com\/at\/wp-json\/wp\/v2\/types\/post"}],"author":[{"embeddable":true,"href":"https:\/\/www.europesays.com\/at\/wp-json\/wp\/v2\/users\/2"}],"replies":[{"embeddable":true,"href":"https:\/\/www.europesays.com\/at\/wp-json\/wp\/v2\/comments?post=232481"}],"version-history":[{"count":0,"href":"https:\/\/www.europesays.com\/at\/wp-json\/wp\/v2\/posts\/232481\/revisions"}],"wp:featuredmedia":[{"embeddable":true,"href":"https:\/\/www.europesays.com\/at\/wp-json\/wp\/v2\/media\/232482"}],"wp:attachment":[{"href":"https:\/\/www.europesays.com\/at\/wp-json\/wp\/v2\/media?parent=232481"}],"wp:term":[{"taxonomy":"category","embeddable":true,"href":"https:\/\/www.europesays.com\/at\/wp-json\/wp\/v2\/categories?post=232481"},{"taxonomy":"post_tag","embeddable":true,"href":"https:\/\/www.europesays.com\/at\/wp-json\/wp\/v2\/tags?post=232481"}],"curies":[{"name":"wp","href":"https:\/\/api.w.org\/{rel}","templated":true}]}}