{"id":233030,"date":"2026-06-23T07:48:08","date_gmt":"2026-06-23T07:48:08","guid":{"rendered":"https:\/\/www.europesays.com\/at\/233030\/"},"modified":"2026-06-23T07:48:08","modified_gmt":"2026-06-23T07:48:08","slug":"chris-neff-neuer-geschaeftsfuehrer-von-merck-oesterreich","status":"publish","type":"post","link":"https:\/\/www.europesays.com\/at\/233030\/","title":{"rendered":"Chris Neff neuer Gesch\u00e4ftsf\u00fchrer von Merck \u00d6sterreich"},"content":{"rendered":"<p>Wien (OTS) &#8211;\u00a0<\/p>\n<p>Mit Anfang Juni hat Chris Neff die Gesch\u00e4ftsf\u00fchrung von Merck \u00d6sterreich \u00fcbernommen. Der 37-j\u00e4hrige Pharma-Manager folgt auf Leif Moll, der innerhalb des Unternehmens neue internationale Aufgaben \u00fcbernimmt. Neff ist seit 2010 f\u00fcr Merck t\u00e4tig und verf\u00fcgt \u00fcber umfangreiche internationale Erfahrung. Seine Karriere f\u00fchrte ihn \u00fcber Stationen im Finanzbereich, dem Inhouse Consulting und internationale F\u00fchrungsfunktionen in Europa, den USA und China. Zuletzt verantwortete er das Onkologie-Gesch\u00e4ft im deutschen Heimatmarkt des Unternehmens.<\/p>\n<p>\u00d6sterreich als Innovationsstandort<\/p>\n<p>\u201e\u00d6sterreich verf\u00fcgt \u00fcber hervorragende Voraussetzungen als Innovations- und Life-Sciences-Standort. Mein Ziel ist es, den Beitrag von Merck f\u00fcr Patientinnen und Patienten, Forschungseinrichtungen und den Wirtschaftsstandort weiter auszubauen\u201c, sagt Chris Neff, Gesch\u00e4ftsf\u00fchrer von Merck \u00d6sterreich. \u00d6sterreich nimmt innerhalb des Konzerns eine wichtige Rolle ein. Das Land z\u00e4hlt zu den europ\u00e4ischen M\u00e4rkten mit besonders raschem Zugang zu neuen Therapien und verf\u00fcgt \u00fcber ein starkes wissenschaftliches Umfeld mit renommierten Forschungseinrichtungen und Universit\u00e4ten.<\/p>\n<p>Fokus auf Wachstum und Versorgungssicherheit<\/p>\n<p>F\u00fcr die kommenden Jahre plant Merck, seine Aktivit\u00e4ten in \u00d6sterreich weiter auszubauen. Schwerpunkte liegen auf Innovation, Forschungspartnerschaften sowie dem schnellen Zugang zu neuen Therapien. Gleichzeitig soll die Bedeutung von Versorgungssicherheit und Wettbewerbsf\u00e4higkeit des europ\u00e4ischen Pharmastandorts st\u00e4rker in den Fokus r\u00fccken. \u201eDie Gesundheitsversorgung der Zukunft wird davon abh\u00e4ngen, wie erfolgreich wir Innovation, Versorgungssicherheit und Wettbewerbsf\u00e4higkeit miteinander verbinden. Merck m\u00f6chte dazu als langfristiger Partner einen aktiven Beitrag leisten\u201c, so Neff. Der geb\u00fcrtige Deutsche lebt gemeinsam mit seiner Frau und den beiden Kindern seit Kurzem in \u00d6sterreich. Die Familie m\u00f6chte ihre neue Heimat langfristig in \u00d6sterreich aufbauen.<\/p>\n<p>\u00dcber Merck<\/p>\n<p>Merck, ein f\u00fchrendes Wissenschafts- und Technologieunternehmen, ist in den Bereichen Life Science, Healthcare und Electronics t\u00e4tig. Rund 63.000 Mitarbeitende arbeiten daran, im Leben von Millionen von Menschen t\u00e4glich einen entscheidenden Unterschied f\u00fcr eine lebenswertere Zukunft zu machen: Von Produkten und Services zur schnelleren Entwicklung und Herstellung von Medikamenten \u00fcber die Entdeckung einzigartiger Wege zur Behandlung von Krankheiten bis zur Bereitstellung von Anwendungen f\u00fcr intelligente Ger\u00e4te &#8211; Merck ist \u00fcberall. 2025 erwirtschaftete Merck in 65 L\u00e4ndern einen Umsatz von 21,1 Milliarden Euro.<\/p>\n<p>Wissenschaftliche Forschung und verantwortungsvolles Unternehmertum sind f\u00fcr den technologischen und wissenschaftlichen Fortschritt von Merck entscheidend. Dieser Grundsatz gilt seit der Gr\u00fcndung 1668. Die Gr\u00fcnderfamilie ist bis heute Mehrheitseigent\u00fcmer des b\u00f6rsennotierten Konzerns. Merck h\u00e4lt die globalen Rechte am Namen und der Marke Merck. Die einzigen Ausnahmen sind die USA und Kanada, wo die Unternehmensbereiche als MilliporeSigma, EMD Serono und EMD Electronics auftreten.<\/p>\n<p _ngcontent-ng-c403161360=\"\"> OTS-ORIGINALTEXT PRESSEAUSSENDUNG UNTER AUSSCHLIESSLICHER<br \/>\nINHALTLICHER VERANTWORTUNG DES AUSSENDERS &#8211; WWW.OTS.AT | ULC<\/p>\n","protected":false},"excerpt":{"rendered":"Wien (OTS) &#8211;\u00a0 Mit Anfang Juni hat Chris Neff die Gesch\u00e4ftsf\u00fchrung von Merck \u00d6sterreich \u00fcbernommen. Der 37-j\u00e4hrige Pharma-Manager&hellip;\n","protected":false},"author":2,"featured_media":233031,"comment_status":"","ping_status":"","sticky":false,"template":"","format":"standard","meta":{"footnotes":"","_share_on_mastodon":"0"},"categories":[14],"tags":[26393,26395,46,42,6352,95,90,89,610,124,25768,20462,65932,91,94,26944,44,26394,3098,6976,93,92,877],"class_list":["post-233030","post","type-post","status-publish","format-standard","has-post-thumbnail","category-unternehmen-maerkte","tag-apa","tag-apa-ots","tag-at","tag-austria","tag-bild","tag-business","tag-companies","tag-companies-markets","tag-forschung","tag-gesundheit","tag-human-ressources","tag-karriere","tag-life-science","tag-markets","tag-maerkte","tag-merck","tag-oesterreich","tag-ots","tag-personalia","tag-pharma","tag-unternehmen","tag-unternehmen-maerkte","tag-wirtschaft-und-finanzen"],"share_on_mastodon":{"url":"https:\/\/pubeurope.com\/@at\/116798324980633328","error":""},"_links":{"self":[{"href":"https:\/\/www.europesays.com\/at\/wp-json\/wp\/v2\/posts\/233030","targetHints":{"allow":["GET"]}}],"collection":[{"href":"https:\/\/www.europesays.com\/at\/wp-json\/wp\/v2\/posts"}],"about":[{"href":"https:\/\/www.europesays.com\/at\/wp-json\/wp\/v2\/types\/post"}],"author":[{"embeddable":true,"href":"https:\/\/www.europesays.com\/at\/wp-json\/wp\/v2\/users\/2"}],"replies":[{"embeddable":true,"href":"https:\/\/www.europesays.com\/at\/wp-json\/wp\/v2\/comments?post=233030"}],"version-history":[{"count":0,"href":"https:\/\/www.europesays.com\/at\/wp-json\/wp\/v2\/posts\/233030\/revisions"}],"wp:featuredmedia":[{"embeddable":true,"href":"https:\/\/www.europesays.com\/at\/wp-json\/wp\/v2\/media\/233031"}],"wp:attachment":[{"href":"https:\/\/www.europesays.com\/at\/wp-json\/wp\/v2\/media?parent=233030"}],"wp:term":[{"taxonomy":"category","embeddable":true,"href":"https:\/\/www.europesays.com\/at\/wp-json\/wp\/v2\/categories?post=233030"},{"taxonomy":"post_tag","embeddable":true,"href":"https:\/\/www.europesays.com\/at\/wp-json\/wp\/v2\/tags?post=233030"}],"curies":[{"name":"wp","href":"https:\/\/api.w.org\/{rel}","templated":true}]}}