{"id":233919,"date":"2026-06-23T16:36:11","date_gmt":"2026-06-23T16:36:11","guid":{"rendered":"https:\/\/www.europesays.com\/at\/233919\/"},"modified":"2026-06-23T16:36:11","modified_gmt":"2026-06-23T16:36:11","slug":"schwimmerin-stirbt-nach-badeunfall-im-pichlinger-see","status":"publish","type":"post","link":"https:\/\/www.europesays.com\/at\/233919\/","title":{"rendered":"Schwimmerin stirbt nach Badeunfall im Pichlinger See"},"content":{"rendered":"<p> LINZ. Am Dienstagnachmittag ist es am Pichlinger See zu einem t\u00f6dlichen Badeunfall gekommen. Eine Schwimmerin wurde nach gesundheitlichen Problemen aus dem Wasser gerettet, konnte jedoch trotz langer Reanimationsversuche nicht mehr gerettet werden. <\/p>\n<p>Am Dienstag kam es am Pichlinger See in Linz zu einem tragischen Badeunfall. Eine Frau geriet nach bisherigen Informationen etwa 40 Meter vom Ufer entfernt aufgrund gesundheitlicher Beschwerden in eine Notlage. Badeg\u00e4ste bemerkten den Ernst der Lage, alarmierten die Einsatzkr\u00e4fte und brachten die bewusstlose Schwimmerin ans Ufer.<\/p>\n<p>Dort begannen Ersthelfer umgehend mit Wiederbelebungsma\u00dfnahmen. Auch eingetroffene Polizisten unterst\u00fctzten die Rettungsma\u00dfnahmen und verwendeten einen Defibrillator. Gemeinsam mit dem Rettungsdienst und einer Not\u00e4rztin wurde \u00fcber l\u00e4ngere Zeit versucht, die Frau zu reanimieren.<\/p>\n<p>Trotz aller Bem\u00fchungen verstarb die Schwimmerin. Nach dem Einsatz wurden Angeh\u00f6rige sowie mehrere Ersthelfer und betroffene Badeg\u00e4ste vom Rettungsdienst betreut.<\/p>\n","protected":false},"excerpt":{"rendered":"LINZ. Am Dienstagnachmittag ist es am Pichlinger See zu einem t\u00f6dlichen Badeunfall gekommen. Eine Schwimmerin wurde nach gesundheitlichen&hellip;\n","protected":false},"author":2,"featured_media":233920,"comment_status":"","ping_status":"","sticky":false,"template":"","format":"standard","meta":{"footnotes":"","_share_on_mastodon":"0"},"categories":[30],"tags":[46,42,39618,13294,16667,33584,184,66124,44,20920,5401,14590,20458],"class_list":["post-233919","post","type-post","status-publish","format-standard","has-post-thumbnail","category-linz","tag-at","tag-austria","tag-badeunfall","tag-defibrillator","tag-einsatzkraefte","tag-ersthelfer","tag-linz","tag-notaerztin","tag-oesterreich","tag-pichlinger-see","tag-reanimation","tag-rettungsdienst","tag-schwimmerin"],"share_on_mastodon":{"url":"https:\/\/pubeurope.com\/@at\/116800401232430008","error":""},"_links":{"self":[{"href":"https:\/\/www.europesays.com\/at\/wp-json\/wp\/v2\/posts\/233919","targetHints":{"allow":["GET"]}}],"collection":[{"href":"https:\/\/www.europesays.com\/at\/wp-json\/wp\/v2\/posts"}],"about":[{"href":"https:\/\/www.europesays.com\/at\/wp-json\/wp\/v2\/types\/post"}],"author":[{"embeddable":true,"href":"https:\/\/www.europesays.com\/at\/wp-json\/wp\/v2\/users\/2"}],"replies":[{"embeddable":true,"href":"https:\/\/www.europesays.com\/at\/wp-json\/wp\/v2\/comments?post=233919"}],"version-history":[{"count":0,"href":"https:\/\/www.europesays.com\/at\/wp-json\/wp\/v2\/posts\/233919\/revisions"}],"wp:featuredmedia":[{"embeddable":true,"href":"https:\/\/www.europesays.com\/at\/wp-json\/wp\/v2\/media\/233920"}],"wp:attachment":[{"href":"https:\/\/www.europesays.com\/at\/wp-json\/wp\/v2\/media?parent=233919"}],"wp:term":[{"taxonomy":"category","embeddable":true,"href":"https:\/\/www.europesays.com\/at\/wp-json\/wp\/v2\/categories?post=233919"},{"taxonomy":"post_tag","embeddable":true,"href":"https:\/\/www.europesays.com\/at\/wp-json\/wp\/v2\/tags?post=233919"}],"curies":[{"name":"wp","href":"https:\/\/api.w.org\/{rel}","templated":true}]}}