{"id":235503,"date":"2026-06-24T12:00:10","date_gmt":"2026-06-24T12:00:10","guid":{"rendered":"https:\/\/www.europesays.com\/at\/235503\/"},"modified":"2026-06-24T12:00:10","modified_gmt":"2026-06-24T12:00:10","slug":"u2-ausbau-echtzeit-ortung-unter-wien-wie-strabag-jeden-arbeiter-auf-der-u2-baustelle-im-blick-behaelt","status":"publish","type":"post","link":"https:\/\/www.europesays.com\/at\/235503\/","title":{"rendered":"U2-Ausbau: Echtzeit-Ortung unter Wien: Wie Strabag jeden Arbeiter auf der U2-Baustelle im Blick beh\u00e4lt"},"content":{"rendered":"<p>Manfred Bedrnik, Gruppenleiter bei der STRABAG Infrastructure &amp; Safety Solutions, \u00fcber Ortung, mitwachsende Technik und den Ernstfall.<\/p>\n<p>SOLID: Wie genau ortet das System unter Tage, und wo sind die Grenzen?<br \/>Manfred Bedrnik: Die Ortungsgenauigkeit ergibt sich aus der Zahl der geplanten Zonen und Abschnitte. Die Erfassungspunkte sitzen an den Ein- und Ausg\u00e4ngen der Abschnitte sowie an den \u00dcberg\u00e4ngen von einer Zone zur n\u00e4chsten, damit werden alle Mitarbeiter erfasst, die einen Abschnitt betreten oder verlassen. Wo h\u00f6here Genauigkeit n\u00f6tig ist, lassen sich weitere Erfassungspunkte integrieren. Abschattungen, etwa durch eine Betonmauer, haben Einfluss, deshalb muss schon bei der Planung auf die Position der Reader geachtet und sie im Bedarfsfall baulich angepasst werden.<\/p>\n<p>Wie w\u00e4chst das System mit der Baustelle mit?<br \/>Entsprechend dem Baufortschritt und dem Vortrieb der TBM werden die Units aus Systemschrank und Antennen im jeweiligen Bereich montiert und ins System integriert. Aufbauend auf der Basisplanung werden die Units teilweise vorgefertigt und vorab geliefert, sodass sie das Baustellenpersonal kurzfristig installieren kann.<\/p>\n<p>Was passiert im Ernstfall?<br \/>Je nach Ereignis kann \u00fcber ALECS eine baustellenweite Evakuierung oder, bei begrenzten Ereignissen, die Evakuierung des betroffenen Abschnitts ausgel\u00f6st werden. Anhand der Systemdaten l\u00e4sst sich im Kontrollraum feststellen, ob sich noch Personen in den betroffenen Abschnitten befinden, eine f\u00fcr die Einsatzkr\u00e4fte wesentliche Information. Je nach Alarmeinsatzplan kann auch eine Evakuierungssammelstelle \u00fcberwacht werden, um zu pr\u00fcfen, ob alle betroffenen Mitarbeiter tats\u00e4chlich evakuiert sind.<\/p>\n<p>Wird digitale Baustellensicherheit zum Standard?<br \/>Wir sehen in den letzten Jahren, auch bei kleineren Projekten, vermehrt eine Nachfrage nach digitaler Baustellensicherheit. Der Umfang reicht dabei von einer einfachen Zutrittskontrolle bis zu komplexen Systemen wie jenem der U2-Baustelle. Daher war es bei der Entwicklung von ALECS das Ziel, das System m\u00f6glichst modular aufzubauen, um den verschiedensten Anforderungen an die digitale Baustellensicherheit gerecht zu werden.<\/p>\n","protected":false},"excerpt":{"rendered":"Manfred Bedrnik, Gruppenleiter bei der STRABAG Infrastructure &amp; Safety Solutions, \u00fcber Ortung, mitwachsende Technik und den Ernstfall. SOLID:&hellip;\n","protected":false},"author":2,"featured_media":235504,"comment_status":"","ping_status":"","sticky":false,"template":"","format":"standard","meta":{"footnotes":"","_share_on_mastodon":"0"},"categories":[14],"tags":[46,42,12480,6300,12477,12476,6546,95,90,89,12485,12478,5700,12484,91,94,12483,44,12482,12479,93,92,12481],"class_list":["post-235503","post","type-post","status-publish","format-standard","has-post-thumbnail","category-unternehmen-maerkte","tag-at","tag-austria","tag-baurecht","tag-baustoffe","tag-bautechnik","tag-bauwirtschaft","tag-bim","tag-business","tag-companies","tag-companies-markets","tag-fassaden","tag-hochbau","tag-immobilien","tag-leichtbau","tag-markets","tag-maerkte","tag-massivbau","tag-oesterreich","tag-schalung","tag-tiefbau","tag-unternehmen","tag-unternehmen-maerkte","tag-vergaberecht"],"share_on_mastodon":{"url":"https:\/\/pubeurope.com\/@at\/116804978155973109","error":""},"_links":{"self":[{"href":"https:\/\/www.europesays.com\/at\/wp-json\/wp\/v2\/posts\/235503","targetHints":{"allow":["GET"]}}],"collection":[{"href":"https:\/\/www.europesays.com\/at\/wp-json\/wp\/v2\/posts"}],"about":[{"href":"https:\/\/www.europesays.com\/at\/wp-json\/wp\/v2\/types\/post"}],"author":[{"embeddable":true,"href":"https:\/\/www.europesays.com\/at\/wp-json\/wp\/v2\/users\/2"}],"replies":[{"embeddable":true,"href":"https:\/\/www.europesays.com\/at\/wp-json\/wp\/v2\/comments?post=235503"}],"version-history":[{"count":0,"href":"https:\/\/www.europesays.com\/at\/wp-json\/wp\/v2\/posts\/235503\/revisions"}],"wp:featuredmedia":[{"embeddable":true,"href":"https:\/\/www.europesays.com\/at\/wp-json\/wp\/v2\/media\/235504"}],"wp:attachment":[{"href":"https:\/\/www.europesays.com\/at\/wp-json\/wp\/v2\/media?parent=235503"}],"wp:term":[{"taxonomy":"category","embeddable":true,"href":"https:\/\/www.europesays.com\/at\/wp-json\/wp\/v2\/categories?post=235503"},{"taxonomy":"post_tag","embeddable":true,"href":"https:\/\/www.europesays.com\/at\/wp-json\/wp\/v2\/tags?post=235503"}],"curies":[{"name":"wp","href":"https:\/\/api.w.org\/{rel}","templated":true}]}}