{"id":235879,"date":"2026-06-24T15:46:22","date_gmt":"2026-06-24T15:46:22","guid":{"rendered":"https:\/\/www.europesays.com\/at\/235879\/"},"modified":"2026-06-24T15:46:22","modified_gmt":"2026-06-24T15:46:22","slug":"az-vor-60-jahren-wie-die-beatles-muenchen-verrueckt-machten-abendzeitung-muenchen","status":"publish","type":"post","link":"https:\/\/www.europesays.com\/at\/235879\/","title":{"rendered":"(AZ+) Vor 60 Jahren: Wie die Beatles M\u00fcnchen verr\u00fcckt machten &#8211; Abendzeitung M\u00fcnchen"},"content":{"rendered":"<p><a href=\"https:\/\/news.google.com\/rss\/articles\/CBMitAFBVV95cUxPLWY2clkyVzRsRHp0dTBUMTlzenlqOEtOYVpaazFHVlhGbUc2dVk0NU9vTTd1QXR2b19lTjQ2WkFoZF9aZ3o5dWpFcnBERFljc2QzelFfaFdXeUYxTS1ZcWpTdUJmZU03cEtPeEVuN2xYSjVhcG5QUk81YVROYmRBRUJEb2xtOXl1ODh5d2txdjRsZlF3OU1DRkJJbm9od29LRjJqMXR6RlVxMDlJX2hoSWZ3b0I?oc=5\" target=\"_blank\" rel=\"nofollow noopener\">(AZ+) Vor 60 Jahren: Wie die Beatles M\u00fcnchen verr\u00fcckt machten<\/a>&nbsp;&nbsp;Abendzeitung M\u00fcnchen<a href=\"https:\/\/news.google.com\/rss\/articles\/CBMibEFVX3lxTE9KUGJtd01IVDBSMXRuVVpNYlUtV1lJV0p4RWdYWldsekl2TkNuaF9EVWkzTFZEX1VQcHRuTjFMOHFOVUktNlRBRzJ0U2lmWnU2V0FPUzBCZDlOc2RhNEZHeEdUTmxsaUs2clF0eg?oc=5\" target=\"_blank\" rel=\"nofollow noopener\">60 Jahre Beatles in Essen \u2013 GET BACK bringt die Legende in den Grugapark<\/a>&nbsp;&nbsp;Stadt Essen<a href=\"https:\/\/news.google.com\/rss\/articles\/CBMiugFBVV95cUxPWTNKQmRtb04tOFE1Uy1MaHllZURUYVJvMmxHQVRPTVZsRk9pR1I2b3E2ckE0ZlZycHphT0xHOGNja1hVSlBYZGk3Tml0SFQyX2o1c210aTlPZ250QW9keG02ZG8xQVUtM0ZxbllTNDNGZFBNRVNBeEw2ZW9HU1Foem5xTU9tRlByMXhnVnJTdjQyWFo5dzluekl2c240R1U3dDhxYlJkVC13OEszUkFaWlgtVGk4NWFfVkE?oc=5\" target=\"_blank\" rel=\"nofollow noopener\">Hysterie und Randale von &#8222;Radauhelden&#8220;: Beatles treten im Juni 1966 zum letzten Mal in Hamburg auf<\/a>&nbsp;&nbsp;NDR.de<a href=\"https:\/\/news.google.com\/rss\/articles\/CBMiiwFBVV95cUxPTzB6ejN2MzlaSDRDOW9UNlBPd2F0aWFLaUdJLUh4Vkg4VWtHX3A2WHUtdXlCM0NlQXV6czJ6bUVZaWFsalNacEpmdVhtMm1qT1FTZGpUbk5qalJNemFPOTUwcFMwWWxpUTlHSnI4Y0ZTMjZXMEItdXZic29wUjZYRlFSRm1Ib25tRDBr?oc=5\" target=\"_blank\" rel=\"nofollow noopener\">M\u00fcnchen im Beatles-Fieber<\/a>&nbsp;&nbsp;OVB Heimatzeitungen |<a href=\"https:\/\/news.google.com\/rss\/articles\/CBMisAFBVV95cUxOTE44cWZ0MXoxbjlPV0RpUTYwVmViazJxNGkzUURGLUtpa0daT3A5bFlLaUJjcFg2NXowV2lndE0tOWF5UldZNUx0UmRPeEZXTF9QWEdHWHY0cnQ0NndHOVVZUGc5MmlqV1Yxa01jS3lianZHZnF6aEx3TXBtT0hLc3pleWhhQzdLOFlBVmNyVDVVOTYzdmZKWlZxQmpHMm9oekdkR1BucmJacXp5UlExZA?oc=5\" target=\"_blank\" rel=\"nofollow noopener\">\u201eWir wollen keine Saalschlacht\u201c: Wie die Beatles vor 60 Jahren M\u00fcnchen eroberten<\/a>&nbsp;&nbsp;TZ<\/p>\n","protected":false},"excerpt":{"rendered":"(AZ+) Vor 60 Jahren: Wie die Beatles M\u00fcnchen verr\u00fcckt machten&nbsp;&nbsp;Abendzeitung M\u00fcnchen60 Jahre Beatles in Essen \u2013 GET BACK&hellip;\n","protected":false},"author":2,"featured_media":235880,"comment_status":"","ping_status":"","sticky":false,"template":"","format":"standard","meta":{"footnotes":"","_share_on_mastodon":"0"},"categories":[24],"tags":[46,42,66517,48176,5385,147,153,154,44,148],"class_list":["post-235879","post","type-post","status-publish","format-standard","has-post-thumbnail","category-musik","tag-at","tag-austria","tag-bayerischer-hof","tag-beatles","tag-circus-krone","tag-entertainment","tag-music","tag-musik","tag-oesterreich","tag-unterhaltung"],"share_on_mastodon":{"url":"https:\/\/pubeurope.com\/@at\/116805866965429248","error":""},"_links":{"self":[{"href":"https:\/\/www.europesays.com\/at\/wp-json\/wp\/v2\/posts\/235879","targetHints":{"allow":["GET"]}}],"collection":[{"href":"https:\/\/www.europesays.com\/at\/wp-json\/wp\/v2\/posts"}],"about":[{"href":"https:\/\/www.europesays.com\/at\/wp-json\/wp\/v2\/types\/post"}],"author":[{"embeddable":true,"href":"https:\/\/www.europesays.com\/at\/wp-json\/wp\/v2\/users\/2"}],"replies":[{"embeddable":true,"href":"https:\/\/www.europesays.com\/at\/wp-json\/wp\/v2\/comments?post=235879"}],"version-history":[{"count":0,"href":"https:\/\/www.europesays.com\/at\/wp-json\/wp\/v2\/posts\/235879\/revisions"}],"wp:featuredmedia":[{"embeddable":true,"href":"https:\/\/www.europesays.com\/at\/wp-json\/wp\/v2\/media\/235880"}],"wp:attachment":[{"href":"https:\/\/www.europesays.com\/at\/wp-json\/wp\/v2\/media?parent=235879"}],"wp:term":[{"taxonomy":"category","embeddable":true,"href":"https:\/\/www.europesays.com\/at\/wp-json\/wp\/v2\/categories?post=235879"},{"taxonomy":"post_tag","embeddable":true,"href":"https:\/\/www.europesays.com\/at\/wp-json\/wp\/v2\/tags?post=235879"}],"curies":[{"name":"wp","href":"https:\/\/api.w.org\/{rel}","templated":true}]}}