{"id":235945,"date":"2026-06-24T16:27:08","date_gmt":"2026-06-24T16:27:08","guid":{"rendered":"https:\/\/www.europesays.com\/at\/235945\/"},"modified":"2026-06-24T16:27:08","modified_gmt":"2026-06-24T16:27:08","slug":"fotos-des-orf-events-ein-hauch-von-emmy-glanz-beim-sommercocktail-im-belvedere-leadersnet","status":"publish","type":"post","link":"https:\/\/www.europesays.com\/at\/235945\/","title":{"rendered":"Fotos des ORF-Events &#8211; Ein Hauch von Emmy-Glanz beim Sommercocktail im Belvedere \u00bb Leadersnet"},"content":{"rendered":"<p>Auf Einladung von IMZ und ORF-Enterprise versammelte sich die Fernsehbranche im Unteren Belvedere. Das exklusive Event bot den Rahmen f\u00fcr einen hochkar\u00e4tigen Austausch und die wichtige Jurierung der nominierten Produktionen.<\/p>\n<p>Die Suche nach den weltbesten TV-Produktionen l\u00e4uft auf Hochtouren und macht auch in \u00d6sterreich Station. Heuer entscheiden insgesamt 29 Fachjurys rund um den Globus dar\u00fcber, wer die begehrtesten Troph\u00e4en der internationalen Medienwelt mit nach Hause nehmen darf. Das weltweite Netzwerk aus Expert:innen tagt in den kommenden Monaten in globalen Metropolen wie Abu Dhabi, Tokio, Berlin, Buenos Aires und Rom. Am Dienstag r\u00fcckte Wien ins Rampenlicht der Fernsehindustrie. Auf Einladung des IMZ International Music + Media Centre und der ORF-Enterprise blickte die Branche im Unteren Belvedere auf die kommenden Highlights. Diese internationalen Halbfinal-Runden stellen die entscheidenden Weichen f\u00fcr die Award-Gala am 23. November 2026 in New York City, bei der die Auszeichnungen schlie\u00dflich in 16 Kategorien vergeben werden.<\/p>\n<p>Wien im Zentrum der Medienbranche<\/p>\n<p>Am Dienstag versammelte sich eine hochkar\u00e4tige Runde aus 29 Filmschaffenden und Branchenexpert:innen im Wiener Hotel Radisson Blu Das Triest. Die internationale Jury, bestehend aus Broadcastern, Streaming-Verantwortlichen, Regie- und Schauspielgr\u00f6\u00dfen, sichtete dort die Spitzenleistungen in den Kategorien &#8222;Arts Programming&#8220; und &#8222;Best Performance by an Actor&#8220;. Zum anschlie\u00dfenden Networking traf man sich bei einem eleganten Beisammensein im Unteren Belvedere, um wertvolle Kontakte mit der \u00f6sterreichischen Kreativszene zu kn\u00fcpfen.<\/p>\n<p>Dieses Treffen untermauerte die wachsende Bedeutung der Bundeshauptstadt f\u00fcr die weltweite Unterhaltungsindustrie. Erst k\u00fcrzlich blickte die Medienwelt beim 70. Eurovision Song Contest auf Wien (LEADERSNET berichtete u.a. <a href=\"https:\/\/www.leadersnet.at\/news\/100094,dara-holt-den-esc-sieg-die-wirtschaft-zieht-eine-gemischte.html\" target=\"_blank\" rel=\"noopener nofollow\">hier<\/a>), der rund 130 Millionen Menschen vor den Bildschirmen fesselte. Zudem versammelte der hochrangige egta CEO Summit (<a href=\"https:\/\/www.leadersnet.at\/news\/100564,medienvermarkter-aus-fuenf-kontinenten-kamen-in-wien-zusammen.html\" target=\"_blank\" rel=\"noopener nofollow\">LEADERSNET berichtete<\/a>), mitorganisiert von der ORF-Enterprise, erst vor wenigen Wochen die f\u00fchrenden K\u00f6pfe der internationalen TV-Vermarktung in der Stadt.<\/p>\n<p>\u00d6sterreich im Scheinwerferlicht <\/p>\n<p>Die \u00f6sterreichische Film- und Fernsehbranche beweist starke internationale Wettbewerbsf\u00e4higkeit, sowohl durch gefragte Eigenproduktionen als auch als attraktiver Standort f\u00fcr Auslandsprojekte. Die Halbfinal-Jurierung der International Emmy Awards bietet laut Armin Luttenberger von der ORF-Enterprise eine strategische Plattform f\u00fcr das globale Beziehungsmanagement. &#8222;Sie sind die Basis f\u00fcr hochwertige Koproduktionen und \u00f6ffnen \u00d6sterreichs Film- und Produktionswirtschaft ein Fenster zur internationalen Fernsehwelt. Die Wahrnehmung im internationalen Kontext f\u00f6rdert kreatives Potenzial und Wertsch\u00f6pfung in \u00d6sterreich&#8220;, so Luttenberger.\u00a0<\/p>\n<p>Max Beckham-Ortner, Generalsekret\u00e4r des IMZ International Music + Media Centre und Mitglied der International Academy of Television Arts &amp; Sciences, f\u00fcgt hinzu: &#8222;Seit \u00fcber 20 Jahren Gastgeber der Semifinaljurierung der International Emmy Awards sein zu d\u00fcrfen, zeugt vom hohen Stellenwert den \u00d6sterreich und Wien in der globalen Fernsehlandschaft genie\u00dfen. \u00d6sterreichische Produktionen sind ein wertvoller Botschafter f\u00fcr Kunst, Kultur und Tourismus und tragen zum Image des Landes bei. Durch die Pr\u00e4senz bei Festivals, Programmmessen oder das Engagement bei den International Emmy Awards pr\u00e4sentiert sich die heimische Szene selbstbewusst und professionell.&#8220;<\/p>\n<p>Gro\u00dfe B\u00fchne f\u00fcr rot-wei\u00df-rote Produktionen<\/p>\n<p>Die \u00f6sterreichische Film- und Medienbranche ist ein starker Wirtschaftsfaktor: Mit Film, TV, Streaming, Verleih und Kino generiert sie einen Umsatz von \u00fcber 1,7 Milliarden Euro und sichert fast 9.500 Arbeitspl\u00e4tze. Rund 1,4 Milliarden Euro entfallen dabei direkt auf Produktionen f\u00fcr TV-Sender, Kino und Streaming-Plattformen. Von den mehr als 3.800 heimischen Betrieben der Branche sind \u00fcber 90 Prozent in der Film- und Fernsehproduktion aktiv. Dank des weltweiten Vertriebs durch die ORF-Enterprise erreichen diese \u00f6sterreichischen Inhalte ein Millionenpublikum auf allen Kontinenten.\u00a0<\/p>\n<p>Schauplatz internationaler Begegnungen<\/p>\n<p>Zum Sommercocktail anl\u00e4sslich der Semifinaljurierung der International Emmy Awards begr\u00fc\u00dften IMZ International Music + Media Centre und ORF-Enterprise in der international bekannten Kulturinstitution unter anderem Marlene Beran (Red Bull Media House), Norbert Blecha (Terra International Filmproductions), Jennifer Davison (ArtWave), Markus Deutsch (Fachverband der Film- und Musikindustrie; Wirtschaftskammer \u00d6sterreich), Edith Frauscher (Infoscreen), Franziska Hackl (Schauspielerin), Wolfgang Hagn (Hagn Weine), Aleksey Igudesman (Echo-Gewinner), Katharina Jeschke (Ami Arts Media Impact), Nina-Anica Keidies (Austrian Business Agency), Lilian Klebow (Schauspielerin), Dan Kurland (Wiener Staatsoper), Reanne Leuning (Aussenwirtschaft Austria), Hans Mahr (Mahr Media), Barbara Palier (Vereinigte B\u00fchnen Wien), Hary Prinz (Schauspieler), Stefanie Rauscher (Vienna Film Commission), Anica Remetic (Radisson Blu Das Triest), Bea Robein (ArtWave), Aljoscha Sacken (Vienna Synchron Stage), Hannes Michael Schalle (Moonlake Entertainment), Tobias Schr\u00f6ter (Steinway &amp; Sons), Alexander Schukoff (Alexander Schukoff Film), Gabi Stefansich (Allegro), Marijana Stoisits (Vienna Film Commission) oder Martin Traxl (ORF).<\/p>\n<p>LEADERSNET begleitete das Event. Einen Eindruck k\u00f6nnen Sie mittels <a href=\"https:\/\/www.leadersnet.at\/foto-galerie\/32651,orf-wien-im-zeichen-der-international-emmyr-awards.html\" target=\"_blank\" rel=\"noopener nofollow\">Galerie <\/a>gewinnen.\u00a0<\/p>\n<p><a href=\"https:\/\/contentsales.orf.at\/\" target=\"_blank\" rel=\"noopener nofollow\">www.contentsales.orf.at<\/a><\/p>\n<p><a href=\"https:\/\/www.imz.at\/\" target=\"_blank\" rel=\"noopener nofollow\">www.imz.at<\/a><\/p>\n","protected":false},"excerpt":{"rendered":"Auf Einladung von IMZ und ORF-Enterprise versammelte sich die Fernsehbranche im Unteren Belvedere. Das exklusive Event bot den&hellip;\n","protected":false},"author":2,"featured_media":235946,"comment_status":"","ping_status":"","sticky":false,"template":"","format":"standard","meta":{"footnotes":"","_share_on_mastodon":"0"},"categories":[22],"tags":[46,42,66528,147,66530,66529,44,148],"class_list":["post-235945","post","type-post","status-publish","format-standard","has-post-thumbnail","category-unterhaltung","tag-at","tag-austria","tag-emmy-awards","tag-entertainment","tag-imz","tag-orf-enterprise","tag-oesterreich","tag-unterhaltung"],"share_on_mastodon":{"url":"https:\/\/pubeurope.com\/@at\/116806028108395195","error":""},"_links":{"self":[{"href":"https:\/\/www.europesays.com\/at\/wp-json\/wp\/v2\/posts\/235945","targetHints":{"allow":["GET"]}}],"collection":[{"href":"https:\/\/www.europesays.com\/at\/wp-json\/wp\/v2\/posts"}],"about":[{"href":"https:\/\/www.europesays.com\/at\/wp-json\/wp\/v2\/types\/post"}],"author":[{"embeddable":true,"href":"https:\/\/www.europesays.com\/at\/wp-json\/wp\/v2\/users\/2"}],"replies":[{"embeddable":true,"href":"https:\/\/www.europesays.com\/at\/wp-json\/wp\/v2\/comments?post=235945"}],"version-history":[{"count":0,"href":"https:\/\/www.europesays.com\/at\/wp-json\/wp\/v2\/posts\/235945\/revisions"}],"wp:featuredmedia":[{"embeddable":true,"href":"https:\/\/www.europesays.com\/at\/wp-json\/wp\/v2\/media\/235946"}],"wp:attachment":[{"href":"https:\/\/www.europesays.com\/at\/wp-json\/wp\/v2\/media?parent=235945"}],"wp:term":[{"taxonomy":"category","embeddable":true,"href":"https:\/\/www.europesays.com\/at\/wp-json\/wp\/v2\/categories?post=235945"},{"taxonomy":"post_tag","embeddable":true,"href":"https:\/\/www.europesays.com\/at\/wp-json\/wp\/v2\/tags?post=235945"}],"curies":[{"name":"wp","href":"https:\/\/api.w.org\/{rel}","templated":true}]}}