{"id":235949,"date":"2026-06-24T16:29:11","date_gmt":"2026-06-24T16:29:11","guid":{"rendered":"https:\/\/www.europesays.com\/at\/235949\/"},"modified":"2026-06-24T16:29:11","modified_gmt":"2026-06-24T16:29:11","slug":"emir-karic-wechselt-in-die-mls","status":"publish","type":"post","link":"https:\/\/www.europesays.com\/at\/235949\/","title":{"rendered":"Emir Kari\u0107 wechselt in die MLS"},"content":{"rendered":"<p>Der 29-j\u00e4hrige Linksverteidiger wechselt mit sofortiger Wirkung in die Major League Soccer zu Sporting Kansas City. F\u00fcr den SK Sturm absolvierte Kari\u0107 seit seiner Ankunft im Sommer 2024 insgesamt 62 Spiele, in denen ihm sieben Assists gelangen, 2024\/25 feierte er den Meistertitel in Graz.<\/p>\n<p>Gesch\u00e4ftsf\u00fchrer Sport Michael Parensen: \u201eEmir Kari\u0107 ist ein Vorzeigeprofi mit stets hervorragender Einstellung, gro\u00dfem Ehrgeiz und tollen menschlichen Qualit\u00e4ten. Er hat in jedem Training und jedem Spiel alles am Platz gelassen, konnte seinen Teil zum Meistertitel in der Vorsaison beitragen und hat sich beim SK Sturm zum Nationalspieler Bosniens entwickelt. Dementsprechend freuen wir uns, dass es f\u00fcr ihn mit dem Wechsel in die MLS geklappt hat, bedanken uns f\u00fcr die Zeit in Graz und w\u00fcnschen Emir alles Gute f\u00fcr die kommende Aufgabe in den USA.\u201c<\/p>\n<p>Emir Kari\u0107 betont: \u201eDie Zeit in Graz war extrem lehrreich und mit dem Meistertitel sehr speziell. Es waren zwei Jahre, die ich nie vergessen werde, in denen ich immer alles f\u00fcr den SK Sturm und seine gro\u00dfartigen Fans gegeben habe und auf die ich immer stolz zur\u00fcckblicken werde. Danke f\u00fcr alles, Schwoaze \u2013 wir sehen uns wieder!\u201c <\/p>\n","protected":false},"excerpt":{"rendered":"Der 29-j\u00e4hrige Linksverteidiger wechselt mit sofortiger Wirkung in die Major League Soccer zu Sporting Kansas City. F\u00fcr den&hellip;\n","protected":false},"author":2,"featured_media":235950,"comment_status":"","ping_status":"","sticky":false,"template":"","format":"standard","meta":{"footnotes":"","_share_on_mastodon":"0"},"categories":[18],"tags":[24369,46,42,66390,66531,58419,183,23624,44,3440,109,108,214],"class_list":["post-235949","post","type-post","status-publish","format-standard","has-post-thumbnail","category-sport","tag-abgang","tag-at","tag-austria","tag-bekannt","tag-emir","tag-gibt","tag-graz","tag-karic","tag-oesterreich","tag-puntigamer","tag-sport","tag-sports","tag-sturm"],"share_on_mastodon":{"url":"https:\/\/pubeurope.com\/@at\/116806036075934951","error":""},"_links":{"self":[{"href":"https:\/\/www.europesays.com\/at\/wp-json\/wp\/v2\/posts\/235949","targetHints":{"allow":["GET"]}}],"collection":[{"href":"https:\/\/www.europesays.com\/at\/wp-json\/wp\/v2\/posts"}],"about":[{"href":"https:\/\/www.europesays.com\/at\/wp-json\/wp\/v2\/types\/post"}],"author":[{"embeddable":true,"href":"https:\/\/www.europesays.com\/at\/wp-json\/wp\/v2\/users\/2"}],"replies":[{"embeddable":true,"href":"https:\/\/www.europesays.com\/at\/wp-json\/wp\/v2\/comments?post=235949"}],"version-history":[{"count":0,"href":"https:\/\/www.europesays.com\/at\/wp-json\/wp\/v2\/posts\/235949\/revisions"}],"wp:featuredmedia":[{"embeddable":true,"href":"https:\/\/www.europesays.com\/at\/wp-json\/wp\/v2\/media\/235950"}],"wp:attachment":[{"href":"https:\/\/www.europesays.com\/at\/wp-json\/wp\/v2\/media?parent=235949"}],"wp:term":[{"taxonomy":"category","embeddable":true,"href":"https:\/\/www.europesays.com\/at\/wp-json\/wp\/v2\/categories?post=235949"},{"taxonomy":"post_tag","embeddable":true,"href":"https:\/\/www.europesays.com\/at\/wp-json\/wp\/v2\/tags?post=235949"}],"curies":[{"name":"wp","href":"https:\/\/api.w.org\/{rel}","templated":true}]}}