{"id":237404,"date":"2026-06-25T11:02:12","date_gmt":"2026-06-25T11:02:12","guid":{"rendered":"https:\/\/www.europesays.com\/at\/237404\/"},"modified":"2026-06-25T11:02:12","modified_gmt":"2026-06-25T11:02:12","slug":"kompakteres-galaxy-s27-pro-fuer-europa-bestaetigt-vier-samsung-flaggschiffe-fix-in-2027","status":"publish","type":"post","link":"https:\/\/www.europesays.com\/at\/237404\/","title":{"rendered":"Kompakteres Galaxy S27 Pro f\u00fcr Europa best\u00e4tigt. Vier Samsung-Flaggschiffe fix in 2027"},"content":{"rendered":"<p>Was bisher zum Galaxy S27 Pro bekannt ist<\/p>\n<p class=\"bodytext\">Aus heutiger Sicht handelt es sich beim neuen Galaxy S27 Pro Modell um eine kompaktere Version des Galaxy S27 Ultra, dem allerdings ein paar Features fehlen d\u00fcrften. So ist etwa der S-Pen vermutlich nicht mit an Bord, zumindest wird es hierf\u00fcr keinen Einschub geben. Das Display d\u00fcrfte mit 6,47 Zoll in etwa zwischen dem kompakten 6,3 Zoll Galaxy S27 und dem 6,7 Zoll Galaxy S27 Plus liegen und damit deutlich handlicher sein als das Galaxy S27 Ultra mit ann\u00e4hernd 6,9 Zoll. <a href=\"https:\/\/www.notebookcheck.com\/Samsung-Galaxy-S27-Pro-vs-Galaxy-S27-Ultra-Kamera-Unterschiede-laut-Leaker.1302233.0.html\" target=\"_self\" class=\"internal-link\" rel=\"nofollow noopener\">Fr\u00fchere Leaks<\/a> deuteten zudem auf die gleiche Hauptkamera und Ultraweitwinkel-Cam wie im Galaxy S27 Ultra, einzig das Telefoto k\u00f6nnte weniger potent sein. Auch das Privacy Display Feature wird 2027 <a href=\"https:\/\/www.notebookcheck.com\/Xiaomi-18-Pro-und-Samsung-Galaxy-S27-Pro-mit-exklusivem-Galaxy-S26-Ultra-Feature.1326161.0.html\" target=\"_self\" class=\"internal-link\" rel=\"nofollow noopener\">offenbar <\/a>im Pro-Modell integriert, was wohl auch f\u00fcr den Snapdragon 8 Elite Gen 6 gilt w\u00e4hrend im Galaxy S27 und Galaxy S27+ der Exynos 2700 erwartet wird.<\/p>\n","protected":false},"excerpt":{"rendered":"Was bisher zum Galaxy S27 Pro bekannt ist Aus heutiger Sicht handelt es sich beim neuen Galaxy S27&hellip;\n","protected":false},"author":2,"featured_media":237405,"comment_status":"","ping_status":"","sticky":false,"template":"","format":"standard","meta":{"footnotes":"","_share_on_mastodon":"0"},"categories":[3],"tags":[6287,25510,76,75,74,6285,33280,66849,33281,66848,6288,66851,66850,6286,6281,6283,12134,6291,6290,41,6280,6282,6289,1470,2017,3707,6284,5087],"class_list":["post-237404","post","type-post","status-publish","format-standard","has-post-thumbnail","category-europa","tag-benchmarks","tag-datenbank","tag-eu","tag-europa","tag-europe","tag-forum","tag-galaxy-s27","tag-galaxy-s27-plus","tag-galaxy-s27-pro","tag-galaxy-s27-ultra","tag-grafikkarten","tag-gsma","tag-imei","tag-informationen","tag-laptop","tag-laptops","tag-leak","tag-netbook","tag-netbooks","tag-news","tag-notebook","tag-notebooks","tag-prozessoren","tag-samsung","tag-test","tag-testbericht","tag-testberichte","tag-tests"],"share_on_mastodon":{"url":"https:\/\/pubeurope.com\/@at\/116810412607015837","error":""},"_links":{"self":[{"href":"https:\/\/www.europesays.com\/at\/wp-json\/wp\/v2\/posts\/237404","targetHints":{"allow":["GET"]}}],"collection":[{"href":"https:\/\/www.europesays.com\/at\/wp-json\/wp\/v2\/posts"}],"about":[{"href":"https:\/\/www.europesays.com\/at\/wp-json\/wp\/v2\/types\/post"}],"author":[{"embeddable":true,"href":"https:\/\/www.europesays.com\/at\/wp-json\/wp\/v2\/users\/2"}],"replies":[{"embeddable":true,"href":"https:\/\/www.europesays.com\/at\/wp-json\/wp\/v2\/comments?post=237404"}],"version-history":[{"count":0,"href":"https:\/\/www.europesays.com\/at\/wp-json\/wp\/v2\/posts\/237404\/revisions"}],"wp:featuredmedia":[{"embeddable":true,"href":"https:\/\/www.europesays.com\/at\/wp-json\/wp\/v2\/media\/237405"}],"wp:attachment":[{"href":"https:\/\/www.europesays.com\/at\/wp-json\/wp\/v2\/media?parent=237404"}],"wp:term":[{"taxonomy":"category","embeddable":true,"href":"https:\/\/www.europesays.com\/at\/wp-json\/wp\/v2\/categories?post=237404"},{"taxonomy":"post_tag","embeddable":true,"href":"https:\/\/www.europesays.com\/at\/wp-json\/wp\/v2\/tags?post=237404"}],"curies":[{"name":"wp","href":"https:\/\/api.w.org\/{rel}","templated":true}]}}