{"id":237975,"date":"2026-06-25T16:52:13","date_gmt":"2026-06-25T16:52:13","guid":{"rendered":"https:\/\/www.europesays.com\/at\/237975\/"},"modified":"2026-06-25T16:52:13","modified_gmt":"2026-06-25T16:52:13","slug":"wie-heid-ag-facc-frequentis-rosenbauer-mayr-melnhof-und-linz-textil-holding-fuer-gespraechsstoff-in-oesterreich-sorgten","status":"publish","type":"post","link":"https:\/\/www.europesays.com\/at\/237975\/","title":{"rendered":"Wie Heid AG, FACC, Frequentis, Rosenbauer, Mayr-Melnhof und Linz Textil Holding f\u00fcr Gespr\u00e4chsstoff in \u00d6sterreich sorgten"},"content":{"rendered":"<p>  25.06.2026,<br \/>\n    568 Zeichen<br \/>\n<br clear=\"all\"\/><\/p>\n<p>Social Comments zu den Gewinnern\/Verlierern<\/p>\n<p>\n BSN Podcasts\n<\/p>\n<p><a href=\"https:\/\/audio-cd.at\/page\/podcast\/8840\/\" style=\"text-decoration:none;line-height:1px;font-size:14px;color:#333\" rel=\"nofollow noopener\" target=\"_blank\"><br \/>\n      Christian Drastil: Wiener B\u00f6rse Plausch<br \/>\n      <img decoding=\"async\" src=\"https:\/\/www.europesays.com\/at\/wp-content\/uploads\/2026\/06\/1782406330_111_100.jpeg\" style=\"width:50px; float:left;margin-right:10px;margin-top:2px\"\/><\/p>\n<p style=\"font-size:14px;margin-bottom:0;font-weight:normal;margin-top:6px;line-height:13px\">Wiener B\u00f6rse Party #1185: ATX etwas fester, Big Austrian IPO Day, der Jubilar Andritz geht in die Champions League mit Do&amp;Co\n        <\/p>\n<p>      <\/a><\/p>\n<p>\u00a0<\/p>\n<p>    <br clear=\"all\"\/><br \/>\n        Bildnachweis<\/p>\n<p style=\"font-size:12px;margin-bottom:8px\">\n          1.<br \/>\n          Heid AG am 25.6. 50,00%, Volumen 27% normaler Tage <\/p>\n<p style=\"font-size:12px;margin-bottom:8px\">\n          2.<br \/>\n          Rosenbauer am 25.6. 3,81%, Volumen 114% normaler Tage <\/p>\n<p style=\"font-size:12px;margin-bottom:8px\">\n          3.<br \/>\n          Mayr-Melnhof am 25.6. 3,51%, Volumen 158% normaler Tage <\/p>\n<p style=\"font-size:12px;margin-bottom:8px\">\n          4.<br \/>\n          Linz Textil Holding am 25.6. -2,78%, Volumen 48% normaler Tage <\/p>\n<p style=\"font-size:12px;margin-bottom:8px\">\n          5.<br \/>\n          Frequentis am 25.6. -3,93%, Volumen 223% normaler Tage <\/p>\n<p style=\"font-size:12px;margin-bottom:8px\">\n          6.<br \/>\n          FACC am 25.6. -4,39%, Volumen 54% normaler Tage <\/p>\n<p><a href=\"https:\/\/boerse-social.com\/radar\/25.06.2026\" rel=\"nofollow noopener\" target=\"_blank\"><\/p>\n<p>Aktien auf dem Radar:AT&amp;S, Strabag, Telekom Austria, Semperit, EuroTeleSites AG, Amag, Uniqa, DO&amp;CO, Lenzing, SBO, voestalpine, Frequentis, Andritz, FACC, Heid AG, Mayr-Melnhof, Rosenbauer, BKS Bank Stamm, CPI Europe AG, \u00d6sterreichische Post, UBM.\n    <\/p>\n<p><\/a> <\/p>\n<p>  <a href=\"https:\/\/boerse-social.com\/partner\" rel=\"nofollow noopener\" target=\"_blank\">Random Partner<\/a><\/p>\n<p>            <a href=\"https:\/\/markets.vontobel.com\/de-de\" target=\"_blank\" style=\"border:0\" rel=\"nofollow noopener\"><br \/>\n                <img decoding=\"async\" src=\"https:\/\/www.europesays.com\/at\/wp-content\/uploads\/2026\/06\/1782406331_795_200.png\" style=\"width:100px;\"\/><br \/>\n            <\/a><\/p>\n<p class=\"content\">\n            <a href=\"https:\/\/markets.vontobel.com\/de-de\" target=\"_blank\" rel=\"nofollow noopener\">Vontobel<\/a><br \/>Als internationales Investmenthaus mit Schweizer Wurzeln ist Vontobel auf die Bereiche Private Clients und Institutional Clients spezialisiert. Der Erfolg in diesen Bereichen gr\u00fcndet auf einer Kultur der Eigenverantwortung und dem Bestreben, die Erwartungen der Kundinnen und Kunden zu \u00fcbertreffen.\n        <\/p>\n<p style=\"padding-left:8px\">&gt;&gt; Besuchen Sie 55 weitere Partner auf <a href=\"http:\/\/boerse-social.com\/partner\" style=\"border-bottom:1px dotted #999\" rel=\"nofollow noopener\" target=\"_blank\">boerse-social.com\/partner<\/a><\/p>\n<p><br clear=\"all\"\/><\/p>\n<p>      <a href=\"#\" target=\"_blank\" style=\"border:0\" data-overlayer=\"effect:bottom;invert:on;overlaySelector:.overlay_bild\"><br \/>\n      <img decoding=\"async\" src=\"https:\/\/www.europesays.com\/at\/wp-content\/uploads\/2026\/06\/1782406331_594_1024;.jpeg\" data-retina=\"https:\/\/boerse-social.com\/media\/Content\/CD_Image\/image\/286633\/scalex\/2048;\"\/><\/p>\n<p>        Heid AG am 25.6. 50,00%, Volumen 27% normaler Tage\n      <\/p>\n<p>    <\/a><\/p>\n<p><a href=\"#\" target=\"_blank\" style=\"border:0\" data-overlayer=\"effect:bottom;invert:on;overlaySelector:.overlay_bild\"><br \/>\n      <img decoding=\"async\" src=\"https:\/\/www.europesays.com\/at\/wp-content\/uploads\/2026\/06\/1782406332_303_1024;.jpeg\" data-retina=\"https:\/\/boerse-social.com\/media\/Content\/CD_Image\/image\/286634\/scalex\/2048;\"\/><\/p>\n<p>        Rosenbauer am 25.6. 3,81%, Volumen 114% normaler Tage\n      <\/p>\n<p>    <\/a>\n    <\/p>\n<p><a href=\"#\" target=\"_blank\" style=\"border:0\" data-overlayer=\"effect:bottom;invert:on;overlaySelector:.overlay_bild\"><br \/>\n      <img decoding=\"async\" src=\"https:\/\/www.europesays.com\/at\/wp-content\/uploads\/2026\/06\/1782406332_250_1024;.jpeg\" data-retina=\"https:\/\/boerse-social.com\/media\/Content\/CD_Image\/image\/286635\/scalex\/2048;\"\/><\/p>\n<p>        Mayr-Melnhof am 25.6. 3,51%, Volumen 158% normaler Tage\n      <\/p>\n<p>    <\/a>\n    <\/p>\n<p><a href=\"#\" target=\"_blank\" style=\"border:0\" data-overlayer=\"effect:bottom;invert:on;overlaySelector:.overlay_bild\"><br \/>\n      <img decoding=\"async\" src=\"https:\/\/www.europesays.com\/at\/wp-content\/uploads\/2026\/06\/1782406333_129_1024;.jpeg\" data-retina=\"https:\/\/boerse-social.com\/media\/Content\/CD_Image\/image\/286636\/scalex\/2048;\"\/><\/p>\n<p>        Linz Textil Holding am 25.6. -2,78%, Volumen 48% normaler Tage\n      <\/p>\n<p>    <\/a>\n    <\/p>\n<p><a href=\"#\" target=\"_blank\" style=\"border:0\" data-overlayer=\"effect:bottom;invert:on;overlaySelector:.overlay_bild\"><br \/>\n      <img decoding=\"async\" src=\"https:\/\/www.europesays.com\/at\/wp-content\/uploads\/2026\/06\/1782406333_841_1024;.jpeg\" data-retina=\"https:\/\/boerse-social.com\/media\/Content\/CD_Image\/image\/286637\/scalex\/2048;\"\/><\/p>\n<p>        Frequentis am 25.6. -3,93%, Volumen 223% normaler Tage\n      <\/p>\n<p>    <\/a>\n    <\/p>\n<p><a href=\"#\" target=\"_blank\" style=\"border:0\" data-overlayer=\"effect:bottom;invert:on;overlaySelector:.overlay_bild\"><br \/>\n      <img decoding=\"async\" src=\"https:\/\/www.europesays.com\/at\/wp-content\/uploads\/2026\/06\/1782406333_176_1024;.jpeg\" data-retina=\"https:\/\/boerse-social.com\/media\/Content\/CD_Image\/image\/286638\/scalex\/2048;\"\/><\/p>\n<p>        FACC am 25.6. -4,39%, Volumen 54% normaler Tage\n      <\/p>\n<p>    <\/a>\n    <\/p>\n","protected":false},"excerpt":{"rendered":"25.06.2026, 568 Zeichen Social Comments zu den Gewinnern\/Verlierern BSN Podcasts Christian Drastil: Wiener B\u00f6rse Plausch Wiener B\u00f6rse Party&hellip;\n","protected":false},"author":2,"featured_media":237976,"comment_status":"","ping_status":"","sticky":false,"template":"","format":"standard","meta":{"footnotes":"","_share_on_mastodon":"0"},"categories":[30],"tags":[3913,1273,46,42,1283,65821,50686,17408,184,17409,3917,3918,44,1276,52276,37557,1275,1274,17407],"class_list":["post-237975","post","type-post","status-publish","format-standard","has-post-thumbnail","category-linz","tag-ag","tag-aktie","tag-at","tag-austria","tag-frequentis","tag-hed","tag-heid","tag-holding","tag-linz","tag-lth","tag-mayr-melnhof","tag-mmk","tag-oesterreich","tag-perf","tag-ros","tag-rosenbauer","tag-sk","tag-symbol","tag-textil"],"share_on_mastodon":{"url":"https:\/\/pubeurope.com\/@at\/116811789217657927","error":""},"_links":{"self":[{"href":"https:\/\/www.europesays.com\/at\/wp-json\/wp\/v2\/posts\/237975","targetHints":{"allow":["GET"]}}],"collection":[{"href":"https:\/\/www.europesays.com\/at\/wp-json\/wp\/v2\/posts"}],"about":[{"href":"https:\/\/www.europesays.com\/at\/wp-json\/wp\/v2\/types\/post"}],"author":[{"embeddable":true,"href":"https:\/\/www.europesays.com\/at\/wp-json\/wp\/v2\/users\/2"}],"replies":[{"embeddable":true,"href":"https:\/\/www.europesays.com\/at\/wp-json\/wp\/v2\/comments?post=237975"}],"version-history":[{"count":0,"href":"https:\/\/www.europesays.com\/at\/wp-json\/wp\/v2\/posts\/237975\/revisions"}],"wp:featuredmedia":[{"embeddable":true,"href":"https:\/\/www.europesays.com\/at\/wp-json\/wp\/v2\/media\/237976"}],"wp:attachment":[{"href":"https:\/\/www.europesays.com\/at\/wp-json\/wp\/v2\/media?parent=237975"}],"wp:term":[{"taxonomy":"category","embeddable":true,"href":"https:\/\/www.europesays.com\/at\/wp-json\/wp\/v2\/categories?post=237975"},{"taxonomy":"post_tag","embeddable":true,"href":"https:\/\/www.europesays.com\/at\/wp-json\/wp\/v2\/tags?post=237975"}],"curies":[{"name":"wp","href":"https:\/\/api.w.org\/{rel}","templated":true}]}}