{"id":238416,"date":"2026-06-25T21:39:17","date_gmt":"2026-06-25T21:39:17","guid":{"rendered":"https:\/\/www.europesays.com\/at\/238416\/"},"modified":"2026-06-25T21:39:17","modified_gmt":"2026-06-25T21:39:17","slug":"fpoe-hafenecker-pilnacek-u-ausschuss-deckt-erhebliche-maengel-in-justiz-und-innenressort-auf","status":"publish","type":"post","link":"https:\/\/www.europesays.com\/at\/238416\/","title":{"rendered":"FP\u00d6 \u2013 Hafenecker: Pilnacek-U-Ausschuss deckt erhebliche M\u00e4ngel in Justiz und Innenressort auf"},"content":{"rendered":"<p>Wien (OTS) &#8211;\u00a0<\/p>\n<p>FP\u00d6-Generalsekret\u00e4r und Fraktionsf\u00fchrer im Untersuchungsausschuss, NAbg. Christian Hafenecker, MA, zog heute eine Zwischenbilanz der bisherigen Arbeit im Pilnacek-Untersuchungsausschuss. Er stellte klar, dass es die Aufgabe des Untersuchungsausschusses sei, die politische Einflussnahme rund um die Ermittlungen zu beleuchten, nicht aber die Todesursache zu kl\u00e4ren. \u201eDer Ausgangspunkt f\u00fcr unsere Untersuchung ist das Pilnacek-Tape mit Christian Pilnaceks Worten \u201aIch kann es nicht. Ich mach es nicht. Ich will es nicht\u2018. Sie werfen ein Licht auf den Druck, der in diesem System geherrscht haben muss. Wir untersuchen die politische Verantwortung und die auff\u00e4lligen Vorg\u00e4nge rund um die Ermittlungen\u201c, so Hafenecker.<\/p>\n<p>Die bisherigen Befragungen h\u00e4tten eine Reihe von M\u00e4ngeln und offenen Fragen in den Verantwortungsbereichen von Justiz und Innenministerium aufgezeigt. \u201eFast alle Auskunftspersonen berichten von systematischen Strukturfehlern in ihren jeweiligen Bereichen. Wir haben eine \u201aZwei-Klassen-Justiz\u2018, die mittlerweile sogar vom Leiter der Oberstaatsanwaltschaft Wien best\u00e4tigt wird. Wir haben unerkl\u00e4rliche 75 Bluetooth-Verbindungsversuche einer Smartwatch, f\u00fcr deren Analyse sich niemand zust\u00e4ndig f\u00fchlt und die dann ein Chefinspektor ohne IT-Kenntnisse interpretieren soll. Wir haben ein Mobiltelefon, das noch am selben Tag und w\u00e4hrend laufender Ermittlungen an die Witwe ausgeh\u00e4ndigt wurde. Und wir haben eine Tatortarbeit, bei der nicht einmal die Sicherung des gegen\u00fcberliegenden Ufers oder die Messung der Wassertemperatur eingehalten wurden\u201c, erkl\u00e4rte Hafenecker.<\/p>\n<p>F\u00fcr den FP\u00d6-Generalsekret\u00e4r sei klar, wohin die Spuren f\u00fchren: \u201eImmer wenn es f\u00fcr die \u00d6VP und ihre Netzwerke eng wird, h\u00e4ufen sich die Erinnerungsl\u00fccken und belastenden Aussagen. Genau dieses schwarze System hat \u00d6sterreichs Vertrauen in den Rechtsstaat zerst\u00f6rt. Die Bev\u00f6lkerung hat diesem Treiben l\u00e4ngst eine Absage erteilt. Es wird einen Volkskanzler Herbert Kickl brauchen, um diesen Sumpf trockenzulegen und wieder f\u00fcr Gerechtigkeit und Anstand in unserem Land zu sorgen!\u201c<\/p>\n<p _ngcontent-ng-c403161360=\"\"> OTS-ORIGINALTEXT PRESSEAUSSENDUNG UNTER AUSSCHLIESSLICHER<br \/>\nINHALTLICHER VERANTWORTUNG DES AUSSENDERS &#8211; WWW.OTS.AT | FPK<\/p>\n","protected":false},"excerpt":{"rendered":"Wien (OTS) &#8211;\u00a0 FP\u00d6-Generalsekret\u00e4r und Fraktionsf\u00fchrer im Untersuchungsausschuss, NAbg. Christian Hafenecker, MA, zog heute eine Zwischenbilanz der bisherigen&hellip;\n","protected":false},"author":2,"featured_media":236328,"comment_status":"","ping_status":"","sticky":false,"template":"","format":"standard","meta":{"footnotes":"","_share_on_mastodon":"0"},"categories":[8],"tags":[26393,26395,18344,67010,6865,680,22235,2219,40,41,26394,413,66547,21744,67009,1868,39,38,63713],"class_list":["post-238416","post","type-post","status-publish","format-standard","has-post-thumbnail","category-nachrichten","tag-apa","tag-apa-ots","tag-bmi","tag-bmj","tag-bundesregierung","tag-fpoe","tag-hafenecker","tag-kriminalitaet-und-justiz","tag-nachrichten","tag-news","tag-ots","tag-oevp","tag-pilnacek","tag-recht","tag-rechtstaat","tag-regierungspolitik","tag-schlagzeilen","tag-top-meldungen","tag-untersuchungsausschuss"],"share_on_mastodon":{"url":"https:\/\/pubeurope.com\/@at\/116812917098840497","error":""},"_links":{"self":[{"href":"https:\/\/www.europesays.com\/at\/wp-json\/wp\/v2\/posts\/238416","targetHints":{"allow":["GET"]}}],"collection":[{"href":"https:\/\/www.europesays.com\/at\/wp-json\/wp\/v2\/posts"}],"about":[{"href":"https:\/\/www.europesays.com\/at\/wp-json\/wp\/v2\/types\/post"}],"author":[{"embeddable":true,"href":"https:\/\/www.europesays.com\/at\/wp-json\/wp\/v2\/users\/2"}],"replies":[{"embeddable":true,"href":"https:\/\/www.europesays.com\/at\/wp-json\/wp\/v2\/comments?post=238416"}],"version-history":[{"count":0,"href":"https:\/\/www.europesays.com\/at\/wp-json\/wp\/v2\/posts\/238416\/revisions"}],"wp:featuredmedia":[{"embeddable":true,"href":"https:\/\/www.europesays.com\/at\/wp-json\/wp\/v2\/media\/236328"}],"wp:attachment":[{"href":"https:\/\/www.europesays.com\/at\/wp-json\/wp\/v2\/media?parent=238416"}],"wp:term":[{"taxonomy":"category","embeddable":true,"href":"https:\/\/www.europesays.com\/at\/wp-json\/wp\/v2\/categories?post=238416"},{"taxonomy":"post_tag","embeddable":true,"href":"https:\/\/www.europesays.com\/at\/wp-json\/wp\/v2\/tags?post=238416"}],"curies":[{"name":"wp","href":"https:\/\/api.w.org\/{rel}","templated":true}]}}