{"id":239235,"date":"2026-06-26T08:35:11","date_gmt":"2026-06-26T08:35:11","guid":{"rendered":"https:\/\/www.europesays.com\/at\/239235\/"},"modified":"2026-06-26T08:35:11","modified_gmt":"2026-06-26T08:35:11","slug":"holzbau-in-oesterreich-groesstes-holzhotel-der-welt-eroeffnet-510-zimmer-aus-4-000-kubikmeter-holz-am-flughafen-wien","status":"publish","type":"post","link":"https:\/\/www.europesays.com\/at\/239235\/","title":{"rendered":"Holzbau in \u00d6sterreich: Gr\u00f6\u00dftes Holzhotel der Welt er\u00f6ffnet: 510 Zimmer aus 4.000 Kubikmeter Holz am Flughafen Wien"},"content":{"rendered":"<p>SOLID: Acht Monate Trockenbau parallel zur laufenden Holzmontage \u2014 wie organisiert man das, wenn \u00fcber einem das n\u00e4chste Gescho\u00df errichtet wird?<\/p>\n<p>Markus Schweigberger: Die Wochentaktung wurde taggenau vom Auftraggeber vorgegeben und in der w\u00f6chentlichen Lean-Abstimmung feinjustiert. Vereinfacht dargestellt: Am Montag startete der Holzbau mit den tragenden W\u00e4nden, parallel wurden Fertig-Sanit\u00e4rzellen, Trockenbaumaterial und Fenster eingebracht. Am Dienstag folgte die Decke dar\u00fcber, die restlichen Fenster wurden eingebaut. Mittwoch und Donnerstag wiederholte sich der Ablauf im n\u00e4chsten Gescho\u00df. In der Folgewoche startete der Trockenbau jeweils im Gescho\u00df der Vorwoche, w\u00e4hrend dar\u00fcber der Holzbau weiterging.<\/p>\n<p>SOLID:\u00a0Wie viele Aufbauvarianten mussten getestet werden, bis der Schallschutz gepasst hat?<\/p>\n<p>Markus Schweigberger: Es wurden drei bis vier Aufbauvarianten getestet, einschlie\u00dflich dem Beschweren der dar\u00fcberliegenden Decke. Wir haben daraus gelernt, dass sich BSP durch Eigenschwingungen und eine andere Rohdichte im Vergleich zur Stahlbetonbauweise anders verh\u00e4lt.<\/p>\n<p>SOLID:\u00a0Sie haben auf vorgefertigte Gipskartonfertigteile gesetzt \u2014 ein Trend oder eine projektspezifische L\u00f6sung?<\/p>\n<p>Markus Schweigberger: Um am Puls der Zeit zu bleiben, muss man auf Vorfertigung zur\u00fcckgreifen. Durch die Vorfertigung werden hohe Qualit\u00e4tsanspr\u00fcche, exakte Kantenausbildungen und eine Zeitersparnis bei der Montage vor Ort gew\u00e4hrleistet. Diese Vorteile haben wir bereits 2007 erkannt und eine eigene Formteilmaschine angeschafft. Ein Gro\u00dfteil der Vorfertigung erfolgt bei uns im Haus, dadurch ist eine gro\u00dfe Flexibilit\u00e4t gegeben. J\u00e4hrlich kommen 20.000 bis 40.000 Laufmeter an verschiedenen Fertigteilen und Gipsriegeln aus eigener Fertigung zum Einsatz.<\/p>\n","protected":false},"excerpt":{"rendered":"SOLID: Acht Monate Trockenbau parallel zur laufenden Holzmontage \u2014 wie organisiert man das, wenn \u00fcber einem das n\u00e4chste&hellip;\n","protected":false},"author":2,"featured_media":239236,"comment_status":"","ping_status":"","sticky":false,"template":"","format":"standard","meta":{"footnotes":"","_share_on_mastodon":"0"},"categories":[28],"tags":[46,42,12480,6300,12477,12476,6546,12485,12478,5700,12484,12483,44,12482,12479,12481,181,182],"class_list":["post-239235","post","type-post","status-publish","format-standard","has-post-thumbnail","category-wien","tag-at","tag-austria","tag-baurecht","tag-baustoffe","tag-bautechnik","tag-bauwirtschaft","tag-bim","tag-fassaden","tag-hochbau","tag-immobilien","tag-leichtbau","tag-massivbau","tag-oesterreich","tag-schalung","tag-tiefbau","tag-vergaberecht","tag-vienna","tag-wien"],"share_on_mastodon":{"url":"https:\/\/pubeurope.com\/@at\/116815496722324832","error":""},"_links":{"self":[{"href":"https:\/\/www.europesays.com\/at\/wp-json\/wp\/v2\/posts\/239235","targetHints":{"allow":["GET"]}}],"collection":[{"href":"https:\/\/www.europesays.com\/at\/wp-json\/wp\/v2\/posts"}],"about":[{"href":"https:\/\/www.europesays.com\/at\/wp-json\/wp\/v2\/types\/post"}],"author":[{"embeddable":true,"href":"https:\/\/www.europesays.com\/at\/wp-json\/wp\/v2\/users\/2"}],"replies":[{"embeddable":true,"href":"https:\/\/www.europesays.com\/at\/wp-json\/wp\/v2\/comments?post=239235"}],"version-history":[{"count":0,"href":"https:\/\/www.europesays.com\/at\/wp-json\/wp\/v2\/posts\/239235\/revisions"}],"wp:featuredmedia":[{"embeddable":true,"href":"https:\/\/www.europesays.com\/at\/wp-json\/wp\/v2\/media\/239236"}],"wp:attachment":[{"href":"https:\/\/www.europesays.com\/at\/wp-json\/wp\/v2\/media?parent=239235"}],"wp:term":[{"taxonomy":"category","embeddable":true,"href":"https:\/\/www.europesays.com\/at\/wp-json\/wp\/v2\/categories?post=239235"},{"taxonomy":"post_tag","embeddable":true,"href":"https:\/\/www.europesays.com\/at\/wp-json\/wp\/v2\/tags?post=239235"}],"curies":[{"name":"wp","href":"https:\/\/api.w.org\/{rel}","templated":true}]}}