{"id":239302,"date":"2026-06-26T09:12:12","date_gmt":"2026-06-26T09:12:12","guid":{"rendered":"https:\/\/www.europesays.com\/at\/239302\/"},"modified":"2026-06-26T09:12:12","modified_gmt":"2026-06-26T09:12:12","slug":"wettbewerb-tu-graz-autonomes-schienentaxi-projekt-des-poly-mistelbach-ueberzeugt-jury","status":"publish","type":"post","link":"https:\/\/www.europesays.com\/at\/239302\/","title":{"rendered":"Wettbewerb TU Graz &#8211; Autonomes Schienentaxi-Projekt des Poly Mistelbach \u00fcberzeugt Jury"},"content":{"rendered":"<p>        <img decoding=\"async\" src=\"https:\/\/www.europesays.com\/at\/wp-content\/uploads\/2026\/06\/img-gNAfmFjkZqikYOKY.jpeg\" data-fullscreen-src=\"https:\/\/www.noen.at\/image\/3840x0-jpg\/6492795\/img-gNAfmFjkZqikYOKY.jpeg\" bad-src=\"https:\/\/www.europesays.com\/at\/wp-content\/uploads\/2026\/06\/img-gNAfmFjkZqikYOKY.jpeg\" data-teaser-member=\"image\" alt=\"Wundermaschine der Zukunft\"\/><\/p>\n<p>\n                PTS Mistelbach erreicht 3. Platz beim Wettbewerb  Wundermaschine der Zukunft  Fachbereichsleiter Klemens Hofer, Shania Delic, Adrian Stojic, Oleksandr Tsytsylin, Pavlo Panteleiev.            <\/p>\n<p>\n                Foto:<br \/>\n                Polytechnische Schule Mistelbach                            <\/p>\n<p>\n        Gro\u00dfer Erfolg f\u00fcr die Polytechnische Schule Mistelbach: Der Fachbereich SMART Techtronics | IT erreichte mit dem Projekt \u201eFlexrail next\u201c den dritten Platz beim \u00f6sterreichweiten Wettbewerb \u201eWundermaschine der Zukunft\u201c der TU Graz.     <\/p>\n<p>Die Polytechnische Schule Mistelbach darf sich \u00fcber eine bedeutende Auszeichnung freuen: Beim Wettbewerb \u201eWundermaschine der Zukunft\u201c der Technischen Universit\u00e4t Graz belegte der Fachbereich SMART Techtronics | IT mit seinem Projekt \u201eFlexrail next \u2013 Autonome Schienentaxis als Zukunftsl\u00f6sung f\u00fcr l\u00e4ndliche Mobilit\u00e4t\u201c den dritten Platz. Insgesamt wurden 43 Projekte aus ganz \u00d6sterreich eingereicht.<\/p>\n","protected":false},"excerpt":{"rendered":"PTS Mistelbach erreicht 3. Platz beim Wettbewerb Wundermaschine der Zukunft Fachbereichsleiter Klemens Hofer, Shania Delic, Adrian Stojic, Oleksandr&hellip;\n","protected":false},"author":2,"featured_media":239303,"comment_status":"","ping_status":"","sticky":false,"template":"","format":"standard","meta":{"footnotes":"","_share_on_mastodon":"0"},"categories":[29],"tags":[46,42,67168,183,6355,67165,4160,622,44,67167,67166,5460,67169],"class_list":["post-239302","post","type-post","status-publish","format-standard","has-post-thumbnail","category-graz","tag-at","tag-austria","tag-flexrail-next","tag-graz","tag-innovation","tag-klemens-hofer","tag-mobilitaet","tag-niederoesterreich","tag-oesterreich","tag-polytechnische-schule-mistelbach","tag-schienentaxi","tag-tu-graz","tag-wundermaschine-der-zukunft"],"share_on_mastodon":{"url":"https:\/\/pubeurope.com\/@at\/116815642134369592","error":""},"_links":{"self":[{"href":"https:\/\/www.europesays.com\/at\/wp-json\/wp\/v2\/posts\/239302","targetHints":{"allow":["GET"]}}],"collection":[{"href":"https:\/\/www.europesays.com\/at\/wp-json\/wp\/v2\/posts"}],"about":[{"href":"https:\/\/www.europesays.com\/at\/wp-json\/wp\/v2\/types\/post"}],"author":[{"embeddable":true,"href":"https:\/\/www.europesays.com\/at\/wp-json\/wp\/v2\/users\/2"}],"replies":[{"embeddable":true,"href":"https:\/\/www.europesays.com\/at\/wp-json\/wp\/v2\/comments?post=239302"}],"version-history":[{"count":0,"href":"https:\/\/www.europesays.com\/at\/wp-json\/wp\/v2\/posts\/239302\/revisions"}],"wp:featuredmedia":[{"embeddable":true,"href":"https:\/\/www.europesays.com\/at\/wp-json\/wp\/v2\/media\/239303"}],"wp:attachment":[{"href":"https:\/\/www.europesays.com\/at\/wp-json\/wp\/v2\/media?parent=239302"}],"wp:term":[{"taxonomy":"category","embeddable":true,"href":"https:\/\/www.europesays.com\/at\/wp-json\/wp\/v2\/categories?post=239302"},{"taxonomy":"post_tag","embeddable":true,"href":"https:\/\/www.europesays.com\/at\/wp-json\/wp\/v2\/tags?post=239302"}],"curies":[{"name":"wp","href":"https:\/\/api.w.org\/{rel}","templated":true}]}}