{"id":241013,"date":"2026-06-27T05:39:18","date_gmt":"2026-06-27T05:39:18","guid":{"rendered":"https:\/\/www.europesays.com\/at\/241013\/"},"modified":"2026-06-27T05:39:18","modified_gmt":"2026-06-27T05:39:18","slug":"energiewende-am-wasser-150-megawatt-aus-dem-rhein-wie-strabag-koelns-waermepumpe-ans-wasser-bringt","status":"publish","type":"post","link":"https:\/\/www.europesays.com\/at\/241013\/","title":{"rendered":"Energiewende am Wasser: 150 Megawatt aus dem Rhein: Wie STRABAG K\u00f6lns W\u00e4rmepumpe ans Wasser bringt"},"content":{"rendered":"<p>Das Prinzip \u00e4hnelt einer gew\u00f6hnlichen W\u00e4rmepumpe, nur im industriellen Ma\u00dfstab. Rheinwasser mit einer Temperatur von im Jahresmittel rund zehn Grad Celsius gibt seine W\u00e4rme \u00fcber W\u00e4rmetauscher an ein K\u00e4ltemittel ab. In K\u00f6ln zirkuliert daf\u00fcr Ammoniak als nat\u00fcrliches K\u00e4ltemittel in einem geschlossenen Kreislauf, Rheinwasser und Ammoniak kommen nicht in Kontakt. Ammoniak hat den Vorteil, kein Treibhauspotenzial zu besitzen und synthetische F-Gase \u00fcberfl\u00fcssig zu machen.\u00a0<\/p>\n<p>Das K\u00e4ltemittel nimmt die W\u00e4rme auf, verdampft und wird in gro\u00dfen, elektrisch betriebenen Verdichtern komprimiert, wodurch seine Temperatur steigt. \u00dcber einen weiteren W\u00e4rmetauscher gibt es die W\u00e4rme an das Fernw\u00e4rmewasser ab, das mit mehr als 100 Grad Celsius ins Netz geht. Aus einer Kilowattstunde Strom gewinnt die Anlage im Mittel rund drei Kilowattstunden Nutzw\u00e4rme. Das Rheinwasser bleibt chemisch unver\u00e4ndert und flie\u00dft nur leicht abgek\u00fchlt zur\u00fcck, im Schnitt um etwa 0,4 Grad.\u00a0<\/p>\n<p>Das Herzst\u00fcck jedes der drei Module ist ein Getriebekompressor, der f\u00fcr die Verdichtung des K\u00e4ltemittels sorgt. Diese Kompressoren entstehen bei Everllence im Werk Oberhausen, die zugeh\u00f6rigen Integralgetriebe in Berlin. Hinter dem Anlagenbauer steht ein Unternehmen mit langer Industriegeschichte: Everllence, bis 2025 MAN Energy Solutions, geh\u00f6rt zum VW-Konzern und kann bei Gro\u00dfw\u00e4rmepumpen etwas vorweisen, das in dieser Liga selten ist, n\u00e4mlich gebaute Referenzen. Im d\u00e4nischen Esbjerg versorgt eine Meerwasser-W\u00e4rmepumpe des Unternehmens bereits rund 100.000 Menschen mit Fernw\u00e4rme, im ebenfalls d\u00e4nischen Aalborg entsteht derzeit eine noch gr\u00f6\u00dfere Anlage. F\u00fcr K\u00f6ln tritt Everllence als Generalunternehmer auf und verantwortet die W\u00e4rmepumpe von der Planung bis zur Inbetriebnahme.<\/p>\n","protected":false},"excerpt":{"rendered":"Das Prinzip \u00e4hnelt einer gew\u00f6hnlichen W\u00e4rmepumpe, nur im industriellen Ma\u00dfstab. Rheinwasser mit einer Temperatur von im Jahresmittel rund&hellip;\n","protected":false},"author":2,"featured_media":241014,"comment_status":"","ping_status":"","sticky":false,"template":"","format":"standard","meta":{"footnotes":"","_share_on_mastodon":"0"},"categories":[14],"tags":[46,42,12480,6300,12477,12476,6546,95,90,89,12485,12478,5700,12484,91,94,12483,44,12482,12479,93,92,12481],"class_list":["post-241013","post","type-post","status-publish","format-standard","has-post-thumbnail","category-unternehmen-maerkte","tag-at","tag-austria","tag-baurecht","tag-baustoffe","tag-bautechnik","tag-bauwirtschaft","tag-bim","tag-business","tag-companies","tag-companies-markets","tag-fassaden","tag-hochbau","tag-immobilien","tag-leichtbau","tag-markets","tag-maerkte","tag-massivbau","tag-oesterreich","tag-schalung","tag-tiefbau","tag-unternehmen","tag-unternehmen-maerkte","tag-vergaberecht"],"share_on_mastodon":{"url":"https:\/\/pubeurope.com\/@at\/116820467084036463","error":""},"_links":{"self":[{"href":"https:\/\/www.europesays.com\/at\/wp-json\/wp\/v2\/posts\/241013","targetHints":{"allow":["GET"]}}],"collection":[{"href":"https:\/\/www.europesays.com\/at\/wp-json\/wp\/v2\/posts"}],"about":[{"href":"https:\/\/www.europesays.com\/at\/wp-json\/wp\/v2\/types\/post"}],"author":[{"embeddable":true,"href":"https:\/\/www.europesays.com\/at\/wp-json\/wp\/v2\/users\/2"}],"replies":[{"embeddable":true,"href":"https:\/\/www.europesays.com\/at\/wp-json\/wp\/v2\/comments?post=241013"}],"version-history":[{"count":0,"href":"https:\/\/www.europesays.com\/at\/wp-json\/wp\/v2\/posts\/241013\/revisions"}],"wp:featuredmedia":[{"embeddable":true,"href":"https:\/\/www.europesays.com\/at\/wp-json\/wp\/v2\/media\/241014"}],"wp:attachment":[{"href":"https:\/\/www.europesays.com\/at\/wp-json\/wp\/v2\/media?parent=241013"}],"wp:term":[{"taxonomy":"category","embeddable":true,"href":"https:\/\/www.europesays.com\/at\/wp-json\/wp\/v2\/categories?post=241013"},{"taxonomy":"post_tag","embeddable":true,"href":"https:\/\/www.europesays.com\/at\/wp-json\/wp\/v2\/tags?post=241013"}],"curies":[{"name":"wp","href":"https:\/\/api.w.org\/{rel}","templated":true}]}}