{"id":241571,"date":"2026-06-27T12:25:10","date_gmt":"2026-06-27T12:25:10","guid":{"rendered":"https:\/\/www.europesays.com\/at\/241571\/"},"modified":"2026-06-27T12:25:10","modified_gmt":"2026-06-27T12:25:10","slug":"neue-energiequelle-wien-heizt-bald-25-000-haushalte","status":"publish","type":"post","link":"https:\/\/www.europesays.com\/at\/241571\/","title":{"rendered":"Neue Energiequelle: Wien heizt bald 25.000 Haushalte"},"content":{"rendered":"<p>Wiens erste Tiefengeothermie-Anlage entwickelt sich besser als erwartet. Wien Energie und OMV haben die F\u00f6rdertests ihrer Anlage in Aspern abgeschlossen. Das Ergebnis: Die Leistung liegt deutlich \u00fcber den urspr\u00fcnglichen Prognosen. Statt rund 20.000 Haushalten k\u00f6nnte die Anlage k\u00fcnftig 25.000 Wiener Haushalte mit klimaneutraler Fernw\u00e4rme versorgen.<\/p>\n","protected":false},"excerpt":{"rendered":"Wiens erste Tiefengeothermie-Anlage entwickelt sich besser als erwartet. Wien Energie und OMV haben die F\u00f6rdertests ihrer Anlage in&hellip;\n","protected":false},"author":2,"featured_media":241572,"comment_status":"","ping_status":"","sticky":false,"template":"","format":"standard","meta":{"footnotes":"","_share_on_mastodon":"0"},"categories":[28],"tags":[66248,46,42,2875,13239,13259,26597,44,2017,67567,22755,181,182],"class_list":["post-241571","post","type-post","status-publish","format-standard","has-post-thumbnail","category-wien","tag-aspern","tag-at","tag-austria","tag-energie","tag-fernwaerme","tag-geothermie","tag-leistung","tag-oesterreich","tag-test","tag-tiefengeothermie","tag-tiefenwasser","tag-vienna","tag-wien"],"share_on_mastodon":{"url":"","error":""},"_links":{"self":[{"href":"https:\/\/www.europesays.com\/at\/wp-json\/wp\/v2\/posts\/241571","targetHints":{"allow":["GET"]}}],"collection":[{"href":"https:\/\/www.europesays.com\/at\/wp-json\/wp\/v2\/posts"}],"about":[{"href":"https:\/\/www.europesays.com\/at\/wp-json\/wp\/v2\/types\/post"}],"author":[{"embeddable":true,"href":"https:\/\/www.europesays.com\/at\/wp-json\/wp\/v2\/users\/2"}],"replies":[{"embeddable":true,"href":"https:\/\/www.europesays.com\/at\/wp-json\/wp\/v2\/comments?post=241571"}],"version-history":[{"count":0,"href":"https:\/\/www.europesays.com\/at\/wp-json\/wp\/v2\/posts\/241571\/revisions"}],"wp:featuredmedia":[{"embeddable":true,"href":"https:\/\/www.europesays.com\/at\/wp-json\/wp\/v2\/media\/241572"}],"wp:attachment":[{"href":"https:\/\/www.europesays.com\/at\/wp-json\/wp\/v2\/media?parent=241571"}],"wp:term":[{"taxonomy":"category","embeddable":true,"href":"https:\/\/www.europesays.com\/at\/wp-json\/wp\/v2\/categories?post=241571"},{"taxonomy":"post_tag","embeddable":true,"href":"https:\/\/www.europesays.com\/at\/wp-json\/wp\/v2\/tags?post=241571"}],"curies":[{"name":"wp","href":"https:\/\/api.w.org\/{rel}","templated":true}]}}