{"id":241926,"date":"2026-06-27T16:51:07","date_gmt":"2026-06-27T16:51:07","guid":{"rendered":"https:\/\/www.europesays.com\/at\/241926\/"},"modified":"2026-06-27T16:51:07","modified_gmt":"2026-06-27T16:51:07","slug":"oesterreichs-u19-frauen-erwarten-zum-em-start-einen-fight","status":"publish","type":"post","link":"https:\/\/www.europesays.com\/at\/241926\/","title":{"rendered":"\u00d6sterreichs U19-Frauen erwarten zum EM-Start einen Fight"},"content":{"rendered":"<p>Mit dem Spiel gegen Island startet \u00d6sterreichs U19-Frauenteam am Sonntag (17:00 Uhr\/live ORF Sport +) in Zenica in die U19-Europameisterschaft in <a href=\"https:\/\/www.laola1.at\/de\/daten\/news\/bosnien-herzegowina\/\" class=\"tag\" rel=\"nofollow noopener\" target=\"_blank\">Bosnien-Herzegowina<\/a>. <\/p>\n<p>Die weiteren Gegner sind die Schweiz (Mittwoch, 14:00 Uhr, Sarajevo) und Titelverteidiger Spanien (Samstag, 4. Juli, 17:00 Uhr, Zenica). <\/p>\n<p>Dritte Endrunde f\u00fcr U-19-Frauen<\/p>\n<p>Die \u00d6FB-Talente sind nach 2016 und 2023 zum insgesamt dritten Mal bei einer Endrunde der U19-Frauen dabei und hoffen auf den erstmaligen Aufstieg ins Halbfinale.<\/p>\n<p>&#8222;Spanien ist der gro\u00dfe Favorit. Aber auch Island ist ein unangenehmer Gegner mit gro\u00dfen, athletischen Spielerinnen. Ich erwarte dort einen Fight, bei dem es hin und her gehen wird&#8220;, erkl\u00e4rte Teamchef Markus Hackl.<\/p>\n","protected":false},"excerpt":{"rendered":"Mit dem Spiel gegen Island startet \u00d6sterreichs U19-Frauenteam am Sonntag (17:00 Uhr\/live ORF Sport +) in Zenica in&hellip;\n","protected":false},"author":2,"featured_media":241927,"comment_status":"","ping_status":"","sticky":false,"template":"","format":"standard","meta":{"footnotes":"","_share_on_mastodon":"0"},"categories":[8],"tags":[22702,26960,12239,964,67641,40,41,12240,67642,39,38,29825],"class_list":["post-241926","post","type-post","status-publish","format-standard","has-post-thumbnail","category-nachrichten","tag-bosnien","tag-bosnien-herzegowina","tag-frauen-fussball","tag-fussball","tag-markus-hackl","tag-nachrichten","tag-news","tag-oefb-frauen-team","tag-oefb-u19-damen","tag-schlagzeilen","tag-top-meldungen","tag-u19-europameisterschaft"],"share_on_mastodon":{"url":"https:\/\/pubeurope.com\/@at\/116823109413503065","error":""},"_links":{"self":[{"href":"https:\/\/www.europesays.com\/at\/wp-json\/wp\/v2\/posts\/241926","targetHints":{"allow":["GET"]}}],"collection":[{"href":"https:\/\/www.europesays.com\/at\/wp-json\/wp\/v2\/posts"}],"about":[{"href":"https:\/\/www.europesays.com\/at\/wp-json\/wp\/v2\/types\/post"}],"author":[{"embeddable":true,"href":"https:\/\/www.europesays.com\/at\/wp-json\/wp\/v2\/users\/2"}],"replies":[{"embeddable":true,"href":"https:\/\/www.europesays.com\/at\/wp-json\/wp\/v2\/comments?post=241926"}],"version-history":[{"count":0,"href":"https:\/\/www.europesays.com\/at\/wp-json\/wp\/v2\/posts\/241926\/revisions"}],"wp:featuredmedia":[{"embeddable":true,"href":"https:\/\/www.europesays.com\/at\/wp-json\/wp\/v2\/media\/241927"}],"wp:attachment":[{"href":"https:\/\/www.europesays.com\/at\/wp-json\/wp\/v2\/media?parent=241926"}],"wp:term":[{"taxonomy":"category","embeddable":true,"href":"https:\/\/www.europesays.com\/at\/wp-json\/wp\/v2\/categories?post=241926"},{"taxonomy":"post_tag","embeddable":true,"href":"https:\/\/www.europesays.com\/at\/wp-json\/wp\/v2\/tags?post=241926"}],"curies":[{"name":"wp","href":"https:\/\/api.w.org\/{rel}","templated":true}]}}