{"id":242104,"date":"2026-06-27T18:56:09","date_gmt":"2026-06-27T18:56:09","guid":{"rendered":"https:\/\/www.europesays.com\/at\/242104\/"},"modified":"2026-06-27T18:56:09","modified_gmt":"2026-06-27T18:56:09","slug":"sommernachtskomoedie-wenn-die-rosenburg-ploetzlich-in-hollywood-liegt-kronen-zeitung","status":"publish","type":"post","link":"https:\/\/www.europesays.com\/at\/242104\/","title":{"rendered":"Sommernachtskom\u00f6die &#8211; Wenn die Rosenburg pl\u00f6tzlich in Hollywood liegt &#8211; Kronen Zeitung"},"content":{"rendered":"<p><a href=\"https:\/\/news.google.com\/rss\/articles\/CBMiQkFVX3lxTE1CNmE5VXN6MlVmRlQ4NVNob19oSVlSYUtfaUhJakVZT19fRWpzV1NlQTFxZmlaUFFYZDY3SFZmZkVHZw?oc=5\" target=\"_blank\" rel=\"nofollow noopener\">Sommernachtskom\u00f6die &#8211; Wenn die Rosenburg pl\u00f6tzlich in Hollywood liegt<\/a>&nbsp;&nbsp;Kronen Zeitung<a href=\"https:\/\/news.google.com\/rss\/articles\/CBMioAFBVV95cUxPMG9hczd0SXFzVG5kZ1lFbzc2dFliYl9LN3llRG5YQmY5dS13djh0YndtSlRzNThOendqR3ZZQk82NFlKUGZZaUVlcUJ4cklKTFpJQ2xEQ21ka3g2SlBSLXFWSE1HaGU4YkNtY2xTT25qbHlyWDBLU2M2WWxmdHpXUHNRVTYyME95UE9rckRYV3c4dmpXY040bXc5RkZTbGts?oc=5\" target=\"_blank\" rel=\"nofollow noopener\">Premiere auf der Rosenburg: Umjubelter Start f\u00fcr \u201eSugar. Manche m\u00f6gen&#8217;s hei\u00df\u201c<\/a>&nbsp;&nbsp;MeinBezirk.at<a href=\"https:\/\/news.google.com\/rss\/articles\/CBMilwFBVV95cUxPN3Q0RU9MRkpwMHRELXVzVDRVczh5bHd3QzVWaFVmZGplQU5UNUc1OF9FNnVFLUhwcXpZNVYwSV8tUWl6czJzUVllS1FLdGhPWEV0bThTTlNXWmdxN3lYV0JtVWdHQmFmRzBvTlA3WmszemItbjNGTzQ1RGtlajFGWW5NbTVhMjhXVFhjNFk5Q2R4YVdDczJZ?oc=5\" target=\"_blank\" rel=\"nofollow noopener\">\u201eManche m\u00f6gen&#8217;s hei\u00df\u201c auf der Rosenburg: Gelungene Hommage<\/a>&nbsp;&nbsp;Kurier<a href=\"https:\/\/news.google.com\/rss\/articles\/CBMidEFVX3lxTFBfX0h2YUlFaFI2S3NDbl9kXzY0M2U2cDgwaF9MN3ZIcjFUNXBtbm9UZG1ZX2V4cnkwdElXR3U0bFdrS0NsY3FMVmVsX09XaDE1ellWR1hiVnhuVFpHUVRVQVJvUVhvXzNZSnk2OHRTdS1hdGoz?oc=5\" target=\"_blank\" rel=\"nofollow noopener\">Mafia auf der Rosenburg: Jetzt wird\u2019s hei\u00df!<\/a>&nbsp;&nbsp;Wiener Bezirksblatt<a href=\"https:\/\/news.google.com\/rss\/articles\/CBMijwFBVV95cUxPYTF3NG84UEZRWUZoY0VGakJuZTI1YkZBZnlJWWg5ajgza1RzZ0xISFZQbE1SSWRVV2I0OEdrZ0M4REFLOHpQazRmTEtqVmlYdEFlU0xkaFVnb1VvYjRhLURqRXVVQ1lkai1wbDJQWTd5WUZsVnVZVUJvcktlR0FSXzMxWDM4elpXanlaOU1IWdIBlAFBVV95cUxPR1FwdHdBcmxJNVB3MkJBSzBONGV0Sk1HX2NBVXNTeXdfS3Q4aDVDTk92dDJDdGl5dE5XdkU1bkxjVk1rMjVwVjI3NnI4NU5vUGtPREY0VGJMOVk2TlNWclgxdXZMMElHSTNybF9BX1NmRkhNRnFUVlIxZ2pYbkx1ZERqSk56cFhyRXhZc2lGQ3JaX245?oc=5\" target=\"_blank\" rel=\"nofollow noopener\">Ex-Kanzler Sch\u00fcssel feiert bei hei\u00dfer &#8222;Sugar&#8220;-Premiere<\/a>&nbsp;&nbsp;oe24.at<\/p>\n","protected":false},"excerpt":{"rendered":"Sommernachtskom\u00f6die &#8211; Wenn die Rosenburg pl\u00f6tzlich in Hollywood liegt&nbsp;&nbsp;Kronen ZeitungPremiere auf der Rosenburg: Umjubelter Start f\u00fcr \u201eSugar. Manche&hellip;\n","protected":false},"author":2,"featured_media":242105,"comment_status":"","ping_status":"","sticky":false,"template":"","format":"standard","meta":{"footnotes":"","_share_on_mastodon":"0"},"categories":[22],"tags":[47505,46,42,67669,67670,57494,147,67671,562,12377,67672,23490,67673,35181,47414,67674,67675,44,67676,67677,57645,148],"class_list":["post-242104","post","type-post","status-publish","format-standard","has-post-thumbnail","category-unterhaltung","tag-adriana-zartl","tag-at","tag-austria","tag-billy-wilder","tag-daniel-keberle","tag-daphne","tag-entertainment","tag-i-wanna-be-loved-by-you","tag-jerry","tag-joe","tag-johannes-terne","tag-josephine","tag-lola-witzmann","tag-marcus-ganser","tag-marilyn-monroe","tag-okan-coemert","tag-osgood","tag-oesterreich","tag-raphael-nikolas","tag-sugar-manche-moegens-heiss","tag-tony-curtis","tag-unterhaltung"],"share_on_mastodon":{"url":"https:\/\/pubeurope.com\/@at\/116823601081311852","error":""},"_links":{"self":[{"href":"https:\/\/www.europesays.com\/at\/wp-json\/wp\/v2\/posts\/242104","targetHints":{"allow":["GET"]}}],"collection":[{"href":"https:\/\/www.europesays.com\/at\/wp-json\/wp\/v2\/posts"}],"about":[{"href":"https:\/\/www.europesays.com\/at\/wp-json\/wp\/v2\/types\/post"}],"author":[{"embeddable":true,"href":"https:\/\/www.europesays.com\/at\/wp-json\/wp\/v2\/users\/2"}],"replies":[{"embeddable":true,"href":"https:\/\/www.europesays.com\/at\/wp-json\/wp\/v2\/comments?post=242104"}],"version-history":[{"count":0,"href":"https:\/\/www.europesays.com\/at\/wp-json\/wp\/v2\/posts\/242104\/revisions"}],"wp:featuredmedia":[{"embeddable":true,"href":"https:\/\/www.europesays.com\/at\/wp-json\/wp\/v2\/media\/242105"}],"wp:attachment":[{"href":"https:\/\/www.europesays.com\/at\/wp-json\/wp\/v2\/media?parent=242104"}],"wp:term":[{"taxonomy":"category","embeddable":true,"href":"https:\/\/www.europesays.com\/at\/wp-json\/wp\/v2\/categories?post=242104"},{"taxonomy":"post_tag","embeddable":true,"href":"https:\/\/www.europesays.com\/at\/wp-json\/wp\/v2\/tags?post=242104"}],"curies":[{"name":"wp","href":"https:\/\/api.w.org\/{rel}","templated":true}]}}