{"id":243255,"date":"2026-06-28T12:59:11","date_gmt":"2026-06-28T12:59:11","guid":{"rendered":"https:\/\/www.europesays.com\/at\/243255\/"},"modified":"2026-06-28T12:59:11","modified_gmt":"2026-06-28T12:59:11","slug":"u19-frauen-em-schluesselspiel-zum-start-oesterreichs-u19-girls-legen-gegen-island-los","status":"publish","type":"post","link":"https:\/\/www.europesays.com\/at\/243255\/","title":{"rendered":"U19-Frauen-EM &#8211; Schl\u00fcsselspiel zum Start: \u00d6sterreichs U19-Girls legen gegen Island los"},"content":{"rendered":"<p>        <img decoding=\"async\" src=\"https:\/\/www.europesays.com\/at\/wp-content\/uploads\/2026\/06\/img-G0GYcTFsSa7xfUEJ.jpeg\" data-fullscreen-src=\"https:\/\/www.noen.at\/image\/3840x0-jpg\/6499068\/img-G0GYcTFsSa7xfUEJ.jpeg\" bad-src=\"https:\/\/www.europesays.com\/at\/wp-content\/uploads\/2026\/06\/img-G0GYcTFsSa7xfUEJ.jpeg\" data-teaser-member=\"image\" alt=\"EMFrauenU19\"\/><\/p>\n<p>\n                Am Sonntagabend wird&#8217;s f\u00fcr \u00d6sterreichs U19-Team gegen Island ernst            <\/p>\n<p>\n                Foto:<br \/>\n                \u00d6FB\/Laureen Wilhelm                            <\/p>\n<p>\n        Die Truppe von Teamchef Markus Hackl m\u00f6chte in den \u201eEM-Flow\u201c kommen &#8211; das soll am Sonntag gegen die physisch starken Isl\u00e4nderinnen gelingen.     <\/p>\n<p>\u00d6sterreichs U19-Frauen starten am Sonntag (28. Juni, 17 Uhr, live ORF Sport+) in Zenica gegen Island in die Europameisterschaft in Bosnien und Herzegowina. Wichtige Rollen spielen dabei die N\u00d6-Kickerinnen rund um Sierndorfs Torfrau Vivien Grabenhofer (Vienna), ihrer Teamkollegin Denise Lueger (aus Waidhofen stammend) oder auch Rapid-Talent Ronja Leidler aus Eckartsau.<\/p>\n","protected":false},"excerpt":{"rendered":"Am Sonntagabend wird&#8217;s f\u00fcr \u00d6sterreichs U19-Team gegen Island ernst Foto: \u00d6FB\/Laureen Wilhelm Die Truppe von Teamchef Markus Hackl&hellip;\n","protected":false},"author":2,"featured_media":243256,"comment_status":"","ping_status":"","sticky":false,"template":"","format":"standard","meta":{"footnotes":"","_share_on_mastodon":"0"},"categories":[18],"tags":[67879,46,42,13032,67641,44,67878,109,108,67877,24856],"class_list":["post-243255","post","type-post","status-publish","format-standard","has-post-thumbnail","category-sport","tag-anna-osl","tag-at","tag-austria","tag-frauenfussball","tag-markus-hackl","tag-oesterreich","tag-ronja-leidler","tag-sport","tag-sports","tag-u19-frauen","tag-vivien-grabenhofer"],"share_on_mastodon":{"url":"https:\/\/pubeurope.com\/@at\/116827859770082132","error":""},"_links":{"self":[{"href":"https:\/\/www.europesays.com\/at\/wp-json\/wp\/v2\/posts\/243255","targetHints":{"allow":["GET"]}}],"collection":[{"href":"https:\/\/www.europesays.com\/at\/wp-json\/wp\/v2\/posts"}],"about":[{"href":"https:\/\/www.europesays.com\/at\/wp-json\/wp\/v2\/types\/post"}],"author":[{"embeddable":true,"href":"https:\/\/www.europesays.com\/at\/wp-json\/wp\/v2\/users\/2"}],"replies":[{"embeddable":true,"href":"https:\/\/www.europesays.com\/at\/wp-json\/wp\/v2\/comments?post=243255"}],"version-history":[{"count":0,"href":"https:\/\/www.europesays.com\/at\/wp-json\/wp\/v2\/posts\/243255\/revisions"}],"wp:featuredmedia":[{"embeddable":true,"href":"https:\/\/www.europesays.com\/at\/wp-json\/wp\/v2\/media\/243256"}],"wp:attachment":[{"href":"https:\/\/www.europesays.com\/at\/wp-json\/wp\/v2\/media?parent=243255"}],"wp:term":[{"taxonomy":"category","embeddable":true,"href":"https:\/\/www.europesays.com\/at\/wp-json\/wp\/v2\/categories?post=243255"},{"taxonomy":"post_tag","embeddable":true,"href":"https:\/\/www.europesays.com\/at\/wp-json\/wp\/v2\/tags?post=243255"}],"curies":[{"name":"wp","href":"https:\/\/api.w.org\/{rel}","templated":true}]}}