{"id":243601,"date":"2026-06-28T17:35:07","date_gmt":"2026-06-28T17:35:07","guid":{"rendered":"https:\/\/www.europesays.com\/at\/243601\/"},"modified":"2026-06-28T17:35:07","modified_gmt":"2026-06-28T17:35:07","slug":"oesterreichs-u19-frauen-feiern-bei-em-auftaktsieg-gegen-island","status":"publish","type":"post","link":"https:\/\/www.europesays.com\/at\/243601\/","title":{"rendered":"\u00d6sterreichs U19-Frauen feiern bei EM Auftaktsieg gegen Island"},"content":{"rendered":"<p>\u00d6sterreichs Frauen-U19-Team startet in Gruppe B bei der EM in <a href=\"https:\/\/www.laola1.at\/de\/daten\/news\/bosnien-herzegowina\/\" class=\"tag\" rel=\"nofollow noopener\" target=\"_blank\">Bosnien-Herzegowina<\/a> mit einem 3:0-Auftaktsieg gegen die Gleichaltrigen aus Island.<\/p>\n<p>Bei gro\u00dfer Hitze tasten sich beide Teams langsam heran. Island setzt auf ein k\u00f6rperbetontes Spiel und hat vorerst etwas mehr vom Spiel, gef\u00e4hrlich wird es jedoch erstmal nicht.<\/p>\n<p>\u00d6sterreich geht nach rund 30 Minuten in F\u00fchrung<\/p>\n<p>Die \u00d6sterreicherinnen kommen nach einer kurzen Trinkpause besser ins Duell und jubeln wenig sp\u00e4ter nach einer sch\u00f6nen Kombination \u00fcber das erste Tor. Lueger schiebt von links flach ein (28.) .<\/p>\n<p>Eine bittere Pille m\u00fcssen die \u00d6FB-Frauen wenig sp\u00e4ter schlucken. Osl bleibt im Rasen h\u00e4ngen und greift sich ans Knie. Sie versucht es noch einmal, muss aber in der Folge ausgetauscht werden.<\/p>\n<p>\u00c4hnlich geht es den Gegnerinnen kurz vor der Pause. Kristjansdottir verletzt sich an der Hand, auch bei ihr sieht es nicht gut aus.<\/p>\n<p>Tor kurz vor der Pause<\/p>\n<p>In der Nachspielzeit der ersten H\u00e4lfte schlagen die \u00d6sterreicherinnen dann noch einmal zu. Keckeis bringt eine Flanke zur Mitte, wo Leidler per Kopf verwertet (45+2.). Somit geht es mit 2:0 in die Kabine.<\/p>\n<p>Die Isl\u00e4nderinnen sind in der Offensive zu Beginn der zweiten H\u00e4lfte deutlich auff\u00e4lliger, aber auch \u00d6sterreich kommt zu M\u00f6glichkeiten, unter anderem durch Lueger in der 49. Minute.<\/p>\n<p>Diese wird wenige Minuten sp\u00e4ter vor dem Strafraum zu Fall gebracht (55.). Aus der aussichtsreichen Freisto\u00dfposition k\u00f6nnen die \u00d6FB-Frauen jedoch kein Tor erzielen, Keckeis verfehlt den Kasten im Nachschuss ebenfalls nur knapp.<\/p>\n<p>In der 66. Minute kommt Grabovac gef\u00e4hrlich vor das Tor. Nach einer technisch guten Einzelaktion kann die isl\u00e4ndische Torfrau den Ball noch knapp abwehren, im Endeffekt entsch\u00e4rft die Latte.<\/p>\n<p>Sp\u00e4tes Tor zum Endstand<\/p>\n<p>Die rot-wei\u00df-roten-Spielerinnen dr\u00fccken auf das dritte Tor, ehe auch die Gegnerinnen gegen Ende noch einmal zu Chancen kommen.<\/p>\n<p>Den Schlusspunkt setzt jedoch die eingewechselte Krassnig. Sie verwertet zum 3:0-Endstand (90+3.).<\/p>\n<p>In einer starken Gruppe geht es f\u00fcr das Team am Mittwoch gegen die Schweizerinnen weiter, ehe am Samstag ein Duell mit Spanien folgt.<\/p>\n","protected":false},"excerpt":{"rendered":"\u00d6sterreichs Frauen-U19-Team startet in Gruppe B bei der EM in Bosnien-Herzegowina mit einem 3:0-Auftaktsieg gegen die Gleichaltrigen aus&hellip;\n","protected":false},"author":2,"featured_media":243602,"comment_status":"","ping_status":"","sticky":false,"template":"","format":"standard","meta":{"footnotes":"","_share_on_mastodon":"0"},"categories":[8],"tags":[12239,964,40,41,12240,29824,67642,39,38],"class_list":["post-243601","post","type-post","status-publish","format-standard","has-post-thumbnail","category-nachrichten","tag-frauen-fussball","tag-fussball","tag-nachrichten","tag-news","tag-oefb-frauen-team","tag-oefb-u19","tag-oefb-u19-damen","tag-schlagzeilen","tag-top-meldungen"],"share_on_mastodon":{"url":"","error":""},"_links":{"self":[{"href":"https:\/\/www.europesays.com\/at\/wp-json\/wp\/v2\/posts\/243601","targetHints":{"allow":["GET"]}}],"collection":[{"href":"https:\/\/www.europesays.com\/at\/wp-json\/wp\/v2\/posts"}],"about":[{"href":"https:\/\/www.europesays.com\/at\/wp-json\/wp\/v2\/types\/post"}],"author":[{"embeddable":true,"href":"https:\/\/www.europesays.com\/at\/wp-json\/wp\/v2\/users\/2"}],"replies":[{"embeddable":true,"href":"https:\/\/www.europesays.com\/at\/wp-json\/wp\/v2\/comments?post=243601"}],"version-history":[{"count":0,"href":"https:\/\/www.europesays.com\/at\/wp-json\/wp\/v2\/posts\/243601\/revisions"}],"wp:featuredmedia":[{"embeddable":true,"href":"https:\/\/www.europesays.com\/at\/wp-json\/wp\/v2\/media\/243602"}],"wp:attachment":[{"href":"https:\/\/www.europesays.com\/at\/wp-json\/wp\/v2\/media?parent=243601"}],"wp:term":[{"taxonomy":"category","embeddable":true,"href":"https:\/\/www.europesays.com\/at\/wp-json\/wp\/v2\/categories?post=243601"},{"taxonomy":"post_tag","embeddable":true,"href":"https:\/\/www.europesays.com\/at\/wp-json\/wp\/v2\/tags?post=243601"}],"curies":[{"name":"wp","href":"https:\/\/api.w.org\/{rel}","templated":true}]}}