{"id":244667,"date":"2026-06-29T09:05:08","date_gmt":"2026-06-29T09:05:08","guid":{"rendered":"https:\/\/www.europesays.com\/at\/244667\/"},"modified":"2026-06-29T09:05:08","modified_gmt":"2026-06-29T09:05:08","slug":"neuer-hyundai-elantra-als-erlkoenig-erwischt-kommt-die-limousine-echt-nach-europa","status":"publish","type":"post","link":"https:\/\/www.europesays.com\/at\/244667\/","title":{"rendered":"Neuer Hyundai Elantra als Erlk\u00f6nig erwischt: Kommt die Limousine echt nach Europa?"},"content":{"rendered":"<p>Unter der Tarnung zeichnet sich bereits ein deutlich ver\u00e4ndertes Design ab. Au\u00dferdem verdichten sich Hinweise darauf, dass Hyundai die kompakte Limousine nach Jahren wieder auf den europ\u00e4ischen Markt bringen k\u00f6nnte. Offiziell best\u00e4tigt ist eine R\u00fcckkehr allerdings bisher nicht.<\/p>\n<p>Die aktuelle  <a href=\"https:\/\/www.auto-motor-und-sport.de\/marken-modelle\/hyundai\/elantra\/\" matomotrackbrand=\"true\" rel=\"nofollow noopener\" target=\"_blank\">Elantra<\/a> -Generation wurde 2020 vorgestellt und wird auf vielen internationalen M\u00e4rkten unter anderem als Avante verkauft. W\u00e4hrend das Modell in Nordamerika und S\u00fcdkorea zu den wichtigsten Fahrzeugen der Marke z\u00e4hlt, verschwand die Baureihe in Europa weitgehend aus dem Programm. Stattdessen konzentrierte sich Hyundai hier zuletzt auf SUV-Modelle und den elektrischen Ioniq 6.<\/p>\n<p>Ungeachtet der Europa-Premiere gibt es zu den Antrieben keine offiziellen Angaben. Es sollten weiterhin klassische Benzinmotoren sowie Hybridversionen am Start sein. Dar\u00fcber hinaus gilt auch eine neue Elantra-N-Version als wahrscheinlich.<\/p>\n<p>Beim Design setzt man auf Kante<\/p>\n<p>Die neuen Erlk\u00f6nige zeigen, dass Hyundai die bisher sehr kantige Linienf\u00fchrung offenbar deutlich entsch\u00e4rft. W\u00e4hrend die aktuelle Generation durch zahlreiche scharf gezeichnete Sicken und markante Fl\u00e4chen auff\u00e4llt, wirkt der Nachfolger insgesamt ruhiger und klarer gestaltet.<\/p>\n<p>An der Front f\u00e4llt vor allem ein durchgehendes LED-Lichtband auf, das sich nahezu \u00fcber die gesamte Fahrzeugbreite erstreckt. Darunter sitzen die eigentlichen Hauptscheinwerfer, die tiefer in die Front integriert wurden. Auch die Form des K\u00fchlergrills unterscheidet sich deutlich vom bisherigen Modell. Auff\u00e4llig sind auch die geradlinige Lichtsignatur und einzelne geometrische Elemente. Insgesamt dr\u00e4ngen sich Design-Parallelen zur N Vision 74-Studie.<\/p>\n<p>Auff\u00e4llige Heckpartie mit neuer Lichtgrafik<\/p>\n<p>Auch das Heck erh\u00e4lt eine vollst\u00e4ndig neue Gestaltung. Erkennbar ist auch hier ein durchgehendes Leuchtenband, das die R\u00fcckleuchten miteinander verbindet. Erg\u00e4nzt wird es durch senkrechte Leuchtelemente an den Fahrzeugau\u00dfenseiten.<\/p>\n<p>Die Seitenansicht zeigt au\u00dferdem eine neu gestaltete C-S\u00e4ule mit einem kleinen zus\u00e4tzlichen Seitenfenster. Mehrere Prototypen verf\u00fcgen zudem \u00fcber aerodynamisch optimierte Felgen. Bei einem Testfahrzeug ist zudem ein gro\u00dfes Panorama-Glasdach zu erkennen.<\/p>\n<p>Innenraum soll auf neue Softwareplattform setzen<\/p>\n<p>Fotos des Innenraums liegen bisher nicht vor. Allerdings setzt Hyundai dem Vernehmen nach erstmals das neue Infotainmentsystem Pleos Connect ein. Das feierte vor kurzem im \u00fcberarbeiteten <a href=\"https:\/\/www.auto-motor-und-sport.de\/neuheiten\/hyundai-grandeur-2026-mit-mega-facelift-fast-ein-genesis\/\" target=\"_blank\" rel=\"nofollow noopener\">Grandeur<\/a> seine Premiere.<\/p>\n<p>Erwartet wird ein gro\u00dfer zentraler Bildschirm sowie eine neue Sprachsteuerung mit KI-Unterst\u00fctzung. Hyundai bezeichnet diese unter dem Namen Gleo AI. Nach Herstellerangaben soll sie unter anderem Fahrzeugeinstellungen steuern und internetbasierte Suchfunktionen erm\u00f6glichen.<\/p>\n<p>Europa-R\u00fcckkehr bleibt offen<\/p>\n<p>Besonders interessant sind die europ\u00e4ischen Testfahrten inklusive Bremsanh\u00e4nger. Mehrere Prototypen wurden mit deutschen Kennzeichen sowie in \u00d6sterreich beobachtet. Ein Einsatz deutscher Kennzeichen bedeutet allerdings nicht automatisch, dass Hyundai den Elantra wieder offiziell in Europa anbieten wird. Der Hersteller betreibt in R\u00fcsselsheim sein europ\u00e4isches Technikzentrum, in dem Fahrzeuge regelm\u00e4\u00dfig f\u00fcr verschiedene M\u00e4rkte getestet und abgestimmt werden.<\/p>\n<p>Gleichzeitig w\u00e4re eine R\u00fcckkehr nicht selbstverst\u00e4ndlich. Der Markt f\u00fcr klassische Stufenheck-Limousinen ist in Europa in den vergangenen Jahren deutlich geschrumpft.<\/p>\n<p>Fazit<\/p>\n","protected":false},"excerpt":{"rendered":"Unter der Tarnung zeichnet sich bereits ein deutlich ver\u00e4ndertes Design ab. Au\u00dferdem verdichten sich Hinweise darauf, dass Hyundai&hellip;\n","protected":false},"author":2,"featured_media":244668,"comment_status":"","ping_status":"","sticky":false,"template":"","format":"standard","meta":{"footnotes":"","_share_on_mastodon":"0"},"categories":[3],"tags":[6609,68139,68138,76,75,74,68143,68144,40545,68140,15998,68141,6618,68142,443],"class_list":["post-244667","post","type-post","status-publish","format-standard","has-post-thumbnail","category-europa","tag-ams-aktuelles","tag-avante","tag-elantra","tag-eu","tag-europa","tag-europe","tag-gleo-ai","tag-grandeur","tag-hyundai","tag-ioniq-6","tag-mittelklasse","tag-n-vision-74","tag-neuvorstellungen-erlkoenige","tag-pleos-connect","tag-ruesselsheim"],"share_on_mastodon":{"url":"https:\/\/pubeurope.com\/@at\/116832601699875939","error":""},"_links":{"self":[{"href":"https:\/\/www.europesays.com\/at\/wp-json\/wp\/v2\/posts\/244667","targetHints":{"allow":["GET"]}}],"collection":[{"href":"https:\/\/www.europesays.com\/at\/wp-json\/wp\/v2\/posts"}],"about":[{"href":"https:\/\/www.europesays.com\/at\/wp-json\/wp\/v2\/types\/post"}],"author":[{"embeddable":true,"href":"https:\/\/www.europesays.com\/at\/wp-json\/wp\/v2\/users\/2"}],"replies":[{"embeddable":true,"href":"https:\/\/www.europesays.com\/at\/wp-json\/wp\/v2\/comments?post=244667"}],"version-history":[{"count":0,"href":"https:\/\/www.europesays.com\/at\/wp-json\/wp\/v2\/posts\/244667\/revisions"}],"wp:featuredmedia":[{"embeddable":true,"href":"https:\/\/www.europesays.com\/at\/wp-json\/wp\/v2\/media\/244668"}],"wp:attachment":[{"href":"https:\/\/www.europesays.com\/at\/wp-json\/wp\/v2\/media?parent=244667"}],"wp:term":[{"taxonomy":"category","embeddable":true,"href":"https:\/\/www.europesays.com\/at\/wp-json\/wp\/v2\/categories?post=244667"},{"taxonomy":"post_tag","embeddable":true,"href":"https:\/\/www.europesays.com\/at\/wp-json\/wp\/v2\/tags?post=244667"}],"curies":[{"name":"wp","href":"https:\/\/api.w.org\/{rel}","templated":true}]}}