{"id":247319,"date":"2026-06-30T17:04:10","date_gmt":"2026-06-30T17:04:10","guid":{"rendered":"https:\/\/www.europesays.com\/at\/247319\/"},"modified":"2026-06-30T17:04:10","modified_gmt":"2026-06-30T17:04:10","slug":"zeugnis-aktion-gratis-zur-koenigsklassen-quali","status":"publish","type":"post","link":"https:\/\/www.europesays.com\/at\/247319\/","title":{"rendered":"Zeugnis-Aktion \u2013 gratis zur K\u00f6nigsklassen-Quali"},"content":{"rendered":"<p>      Zeugnis-Aktion zur K\u00f6nigsklassen-Quali<\/p>\n<p>Das Schuljahr n\u00e4hert sich dem Ende und die Sommerferien stehen schon vor der T\u00fcr. Gleichzeitig blicken wir beim Verein voller Vorfreude auf die kommende Saison 2026\/27. Auch heuer m\u00f6chten wir den Schulschluss zum Anlass nehmen, unseren Sch\u00fcler f\u00fcr ihren Einsatz und ihre Motivation w\u00e4hrend des vergangenen Jahres eine kleine Freude zu machen. Deshalb gibt es wieder unsere beliebte schwarz-wei\u00dfe Zeugnis-Aktion. So starten wir gemeinsam mit einem L\u00e4cheln in die Ferien und freuen uns, euch zum Pflichtspielauftakt in Graz-Liebenau zu begr\u00fc\u00dfen \u2013 alle Infos zur Aktion gibt&#8217;s hier!<\/p>\n<p>Ticket-Aktion: Alle Kinder mit Zeugnis erhalten ein gratis Ticket f\u00fcr das CL-Qualifikationsspiel (Kleine Kurvn, Familiensektor, Sektor 25 &amp; der neue Stehplatzsektor 22) + f\u00fcr eine Begleitperson gibt es das Ticket -50%.Goodies: Zus\u00e4tzlich werden an allen Kassen noch Sturm-Goodies f\u00fcr alle Kids mit Zeugnis ausgeteilt.Aktionszeitraum: Freitag, 10. Juli 2026 &amp; Samstag, 11. Juli 2026. Wichtig: Im SturmShop Liebenau gibt&#8217;s die Aktion nur am Freitag, da er am Samstag geschlossen ist.<\/p>\n","protected":false},"excerpt":{"rendered":"Zeugnis-Aktion zur K\u00f6nigsklassen-Quali Das Schuljahr n\u00e4hert sich dem Ende und die Sommerferien stehen schon vor der T\u00fcr. Gleichzeitig&hellip;\n","protected":false},"author":2,"featured_media":247320,"comment_status":"","ping_status":"","sticky":false,"template":"","format":"standard","meta":{"footnotes":"","_share_on_mastodon":"0"},"categories":[18],"tags":[46,42,54581,58623,18471,12969,8996,44,7494,551,68664,109,108,68665,68662,68663],"class_list":["post-247319","post","type-post","status-publish","format-standard","has-post-thumbnail","category-sport","tag-at","tag-austria","tag-beginnt","tag-endet","tag-gibts","tag-infos","tag-neue","tag-oesterreich","tag-saison","tag-schuelerinnen","tag-schuljahr","tag-sport","tag-sports","tag-symbiose","tag-tolle","tag-zeugnis-aktion"],"share_on_mastodon":{"url":"https:\/\/pubeurope.com\/@at\/116840147566344653","error":""},"_links":{"self":[{"href":"https:\/\/www.europesays.com\/at\/wp-json\/wp\/v2\/posts\/247319","targetHints":{"allow":["GET"]}}],"collection":[{"href":"https:\/\/www.europesays.com\/at\/wp-json\/wp\/v2\/posts"}],"about":[{"href":"https:\/\/www.europesays.com\/at\/wp-json\/wp\/v2\/types\/post"}],"author":[{"embeddable":true,"href":"https:\/\/www.europesays.com\/at\/wp-json\/wp\/v2\/users\/2"}],"replies":[{"embeddable":true,"href":"https:\/\/www.europesays.com\/at\/wp-json\/wp\/v2\/comments?post=247319"}],"version-history":[{"count":0,"href":"https:\/\/www.europesays.com\/at\/wp-json\/wp\/v2\/posts\/247319\/revisions"}],"wp:featuredmedia":[{"embeddable":true,"href":"https:\/\/www.europesays.com\/at\/wp-json\/wp\/v2\/media\/247320"}],"wp:attachment":[{"href":"https:\/\/www.europesays.com\/at\/wp-json\/wp\/v2\/media?parent=247319"}],"wp:term":[{"taxonomy":"category","embeddable":true,"href":"https:\/\/www.europesays.com\/at\/wp-json\/wp\/v2\/categories?post=247319"},{"taxonomy":"post_tag","embeddable":true,"href":"https:\/\/www.europesays.com\/at\/wp-json\/wp\/v2\/tags?post=247319"}],"curies":[{"name":"wp","href":"https:\/\/api.w.org\/{rel}","templated":true}]}}