{"id":247449,"date":"2026-06-30T18:33:12","date_gmt":"2026-06-30T18:33:12","guid":{"rendered":"https:\/\/www.europesays.com\/at\/247449\/"},"modified":"2026-06-30T18:33:12","modified_gmt":"2026-06-30T18:33:12","slug":"regelverstoesse-am-pichlinger-see-sorgen-fuer-veraergerung","status":"publish","type":"post","link":"https:\/\/www.europesays.com\/at\/247449\/","title":{"rendered":"Regelverst\u00f6\u00dfe am Pichlinger See sorgen f\u00fcr Ver\u00e4rgerung"},"content":{"rendered":"<p>LINZ. Offene Feuer auf Wiesen und Parkpl\u00e4tzen, Grillen in nicht daf\u00fcr vorgesehenen Bereichen, Scooterfahrten \u00fcber Wiesen: Eine Leserin hat Tips \u00fcber Probleme am Pichlinger See vor allem in den Abend- und Nachtstunden berichtet. Tips hat nachgefragt. <\/p>\n<p data-hyphen-offsets=\"31,58,62,67,69,72,83,86,91,185,187,190,223,226,260,323,346,350,384,386,388,390,412,414,445,448,480,549,643,647\">Der Pichlinger See z\u00e4hlt im Sommer zu den beliebtesten Naherholungsgebieten der Landeshauptstadt. Doch gerade in den Abend- und Nachtstunden h\u00e4ufen sich laut einer Tips-Leserin, die Dauercamping am Pichlinger See nutzt, Verst\u00f6\u00dfe gegen die geltenden Regeln. Diese w\u00fcrden \u00fcberhand nehmen. Sie berichtet von Radau, offenen Feuern auf Wiesen und Parkpl\u00e4tzen, Grillereien au\u00dferhalb des vorgesehenen Bereichs sowie Personen, die mit Scootern \u00fcber Gr\u00fcnfl\u00e4chen fahren. Ihre Kritik gilt dabei nicht den Mitarbeitern der Linz AG. Diese seien sehr bem\u00fcht, k\u00f6nnten die Einhaltung der Regeln aber personell kaum sicherstellen. Vor allem in den sp\u00e4ten Abendstunden fehle es an Kontrollen.<\/p>\n<p>Ausweitung wird evaluiert<\/p>\n<p data-hyphen-offsets=\"66,105,109,163,165,168,170,233,267,269,292,296,301,326,328,352,354,357,385,389,418,458,489\">Seitens der Linz AG hei\u00dft es auf Tips-Anfrage: \u201eDas Problem ist bekannt und tritt vorwiegend in den Abendstunden ab etwa 21 Uhr auf. Die geltenden Regelungen \u2013 insbesondere zu Befahrungsverboten der Liegewiese, offenem Feuer und Grillen \u2013 sind in der Seenordnung festgelegt und auch durch Hinweisschilder kommuniziert. Das Personal ist zur Kontrolle angehalten, eine Ausweitung der Kontrollen in der Hochsaison wird bereits evaluiert.\u201c Auch wird auf die Polizei verwiesen, die am See Streife fahre. <\/p>\n<p>Sicherheitsstadtrat Raml f\u00fcr durchg\u00e4ngige Kontrollen<\/p>\n<p class=\"i_pa4\" data-hyphen-offsets=\"103,107,112,115,117,134,191,193,197,255,258,290,314,318,351,354,357,360,444,447,482,507,538,540\">Sicherheitsstadtrat Michael Raml (FP\u00d6) spricht sich gegen\u00fcber Tips f\u00fcr den durchgehenden Einsatz von Sicherheitspersonal an sch\u00f6nen Tagen durch die Eigent\u00fcmerin Linz AG aus, um Missst\u00e4nde abzustellen. Der Pichlinger See solle ein Erholungsgebiet zum Wohlf\u00fchlen sein. \u201eDazu geh\u00f6ren klare Regeln und konsequente Kontrollen.\u201c Zudem verweist Raml auf wiederkehrende Beschwerden rund um den offiziellen Grillplatz der Stadt Linz wegen Rauch und Verm\u00fcllung und fordert erneut eine Schlie\u00dfung. \u201eIch bin davon \u00fcberzeugt, dass die Stadt einen besseren Platz finden muss\u201c, so Raml.<\/p>\n","protected":false},"excerpt":{"rendered":"LINZ. Offene Feuer auf Wiesen und Parkpl\u00e4tzen, Grillen in nicht daf\u00fcr vorgesehenen Bereichen, Scooterfahrten \u00fcber Wiesen: Eine Leserin&hellip;\n","protected":false},"author":2,"featured_media":247450,"comment_status":"","ping_status":"","sticky":false,"template":"","format":"standard","meta":{"footnotes":"","_share_on_mastodon":"0"},"categories":[30],"tags":[44934,46,42,7914,22154,68692,184,1794,44,68690,405,16415,2035,10173,58543,68691],"class_list":["post-247449","post","type-post","status-publish","format-standard","has-post-thumbnail","category-linz","tag-aerger","tag-at","tag-austria","tag-feuer","tag-grillen","tag-grillzone","tag-linz","tag-linz-ag","tag-oesterreich","tag-pichlicher-see","tag-polizei","tag-probleme","tag-raml","tag-regeln","tag-scooter","tag-verstoesse"],"share_on_mastodon":{"url":"https:\/\/pubeurope.com\/@at\/116840497625230918","error":""},"_links":{"self":[{"href":"https:\/\/www.europesays.com\/at\/wp-json\/wp\/v2\/posts\/247449","targetHints":{"allow":["GET"]}}],"collection":[{"href":"https:\/\/www.europesays.com\/at\/wp-json\/wp\/v2\/posts"}],"about":[{"href":"https:\/\/www.europesays.com\/at\/wp-json\/wp\/v2\/types\/post"}],"author":[{"embeddable":true,"href":"https:\/\/www.europesays.com\/at\/wp-json\/wp\/v2\/users\/2"}],"replies":[{"embeddable":true,"href":"https:\/\/www.europesays.com\/at\/wp-json\/wp\/v2\/comments?post=247449"}],"version-history":[{"count":0,"href":"https:\/\/www.europesays.com\/at\/wp-json\/wp\/v2\/posts\/247449\/revisions"}],"wp:featuredmedia":[{"embeddable":true,"href":"https:\/\/www.europesays.com\/at\/wp-json\/wp\/v2\/media\/247450"}],"wp:attachment":[{"href":"https:\/\/www.europesays.com\/at\/wp-json\/wp\/v2\/media?parent=247449"}],"wp:term":[{"taxonomy":"category","embeddable":true,"href":"https:\/\/www.europesays.com\/at\/wp-json\/wp\/v2\/categories?post=247449"},{"taxonomy":"post_tag","embeddable":true,"href":"https:\/\/www.europesays.com\/at\/wp-json\/wp\/v2\/tags?post=247449"}],"curies":[{"name":"wp","href":"https:\/\/api.w.org\/{rel}","templated":true}]}}